{"id":987518625,"date":"2026-08-27T10:32:42","date_gmt":"2026-08-27T10:32:42","guid":{"rendered":"https:\/\/mallorcagraphics.com\/?p=987518625"},"modified":"2026-09-03T17:07:56","modified_gmt":"2026-09-03T17:07:56","slug":"por-que-krafterpro-es-la-pieza-que-te-faltaba-y-que-todo-disenador-de-divi-5-deberia-conocer","status":"publish","type":"post","link":"https:\/\/mallorcagraphics.com\/es\/blog\/por-que-krafterpro-es-la-pieza-que-te-faltaba-y-que-todo-disenador-de-divi-5-deberia-conocer\/","title":{"rendered":"Por qu\u00e9 KrafterPRO es la pieza que te faltaba y que todo dise\u00f1ador de Divi 5 deber\u00eda conocer"},"content":{"rendered":"<div style=\"margin: clamp(1.5rem, 3vw, 2.25rem) 0; padding: clamp(1.25rem, 3vw, 1.75rem); background-color: #f4f4f4; border-left: clamp(0.25rem, 0.5vw, 0.375rem) solid #d25f42; border-radius: clamp(0.5rem, 1vw, 0.75rem);\">\n<p style=\"margin: 0 0 0.5rem 0; font-weight: bold;\">Nota del editor<\/p>\n<p style=\"margin: 0; font-style: italic;\">Desde que nos pasamos a Divi 5, hay una pregunta que nos han hecho una y otra vez tanto los usuarios nuevos como los m\u00e1s experimentados: <em> \u00ab\u00bfC\u00f3mo se crean sitios web que sean coherentes, escalables y f\u00e1ciles de mantener?\u00bb.<\/em> Aunque Divi 5 trae nuevas funciones geniales, como las variables y los ajustes preestablecidos, nos hemos dado cuenta de que crear un sistema de dise\u00f1o completo desde cero sigue llevando bastante tiempo. En este art\u00edculo, te explicaremos por qu\u00e9 KrafterPRO se ha convertido en una de las herramientas m\u00e1s valiosas de nuestro flujo de trabajo con Divi 5 y por qu\u00e9 creemos que cualquier dise\u00f1ador de Divi que se precie deber\u00eda echarle un vistazo. <\/p>\n<\/div>\n<p>Uno de los puntos fuertes m\u00e1s destacados de Divi 5 es su arquitectura totalmente renovada.<\/p>\n<p>Las variables y los ajustes predefinidos han cambiado por completo la forma de dise\u00f1ar y mantener las p\u00e1ginas web.<\/p>\n<p>Por primera vez, Divi ofrece un aut\u00e9ntico sistema de dise\u00f1o que permite a los dise\u00f1adores crear p\u00e1ginas web mucho m\u00e1s coherentes de lo que jam\u00e1s fue posible con Divi 4.<\/p>\n<p>Pero despu\u00e9s de crear varias p\u00e1ginas web con Divi 5, nos dimos cuenta de algo.<\/p>\n<p>Divi 5 te ofrece las herramientas que necesitas.<\/p>\n<p><strong>KrafterPRO te ofrece el sistema.<\/strong><\/p>\n<p>Esas dos cosas no son lo mismo.<\/p>\n<h2>Divi 5 te ofrece una base excelente<\/h2>\n<p>Dejemos las cosas claras desde el principio.<\/p>\n<p>Esto no es una cr\u00edtica a Divi 5.<\/p>\n<p>De hecho, creemos que Divi 5 es la mejora m\u00e1s importante que Elegant Themes ha hecho nunca en el constructor.<\/p>\n<p>Las variables y los ajustes predefinidos cambian por completo la forma en que se pueden crear y mantener las p\u00e1ginas web profesionales.<\/p>\n<p>Sin embargo, son exactamente eso.<\/p>\n<p>Una fundaci\u00f3n.<\/p>\n<p>Cuando empiezas a crear tu propio sistema de dise\u00f1o, enseguida te das cuenta de todo el trabajo que a\u00fan te queda por delante.<\/p>\n<p>Tienes que definir la tipograf\u00eda.<\/p>\n<p>Crea sistemas de espaciado.<\/p>\n<p>Crea variables de color sem\u00e1nticas.<\/p>\n<p>Crea configuraciones predefinidas para los m\u00f3dulos.<\/p>\n<p>Configura el tama\u00f1o adaptativo.<\/p>\n<p>Organiza todo para que los proyectos futuros mantengan la coherencia.<\/p>\n<p>Ninguna de estas tareas es especialmente dif\u00edcil.<\/p>\n<p>Pero, entre todas, estas tareas pueden llevarte f\u00e1cilmente muchas horas antes incluso de que hayas empezado a crear la p\u00e1gina web propiamente dicha.<\/p>\n<h2>Ah\u00ed es precisamente donde entra en juego KrafterPRO<\/h2>\n<p>KrafterPRO no sustituye a Divi 5.<\/p>\n<p>Se basa en eso.<\/p>\n<p>Piensa en Divi 5 como si fuera el motor.<\/p>\n<p>KrafterPRO te ofrece el veh\u00edculo completo.<\/p>\n<p>En lugar de pasar horas creando tu propio sistema de dise\u00f1o listo para producci\u00f3n, KrafterPRO te ofrece uno que ya ha sido cuidadosamente dise\u00f1ado, probado y perfeccionado.<\/p>\n<p>En lugar de empezar cada proyecto desde cero, empiezas con una plantilla profesional lista para personalizar.<\/p>\n<p>Puede que esa diferencia no te parezca muy importante.<\/p>\n<p>En realidad, cambia por completo la forma en que creas p\u00e1ginas web.<\/p>\n<h2>C\u00f3mo usamos KrafterPRO en Mallorca Graphics<\/h2>\n<p>Todas las p\u00e1ginas web de Divi 5 que creamos hoy en d\u00eda empiezan con KrafterPRO.<\/p>\n<p>Eso no quiere decir que todas las p\u00e1ginas web sean iguales.<\/p>\n<p>M\u00e1s bien al contrario.<\/p>\n<p>Usamos KrafterPRO como base para el proyecto.<\/p>\n<p>A partir de ah\u00ed, personalizamos las variables, los ajustes predefinidos, la tipograf\u00eda, los colores y el espaciado para adaptarlos a la marca concreta para la que estamos dise\u00f1ando.<\/p>\n<p>Cada cliente tiene su propia identidad visual.<\/p>\n<p>Cada proyecto tiene su propia tipograf\u00eda.<\/p>\n<p>Cada p\u00e1gina web tiene su propia paleta de colores.<\/p>\n<p>El dise\u00f1o suele cambiar por completo de un proyecto a otro.<\/p>\n<p>Lo que no cambia es el flujo de trabajo subyacente.<\/p>\n<p>Esa coherencia nos permite crear p\u00e1ginas web m\u00e1s r\u00e1pido sin dejar de mantener un nivel de calidad muy alto.<!-- INTERNAL ARTICLE LINK --><\/p>\n<p><strong>\ud83d\udc49 Lee tambi\u00e9n:<\/strong> <a href=\"https:\/\/mallorcagraphics.com\/es\/blog\/guia-de-migracion-de-divi-4-a-divi-5-problemas-habituales-buenas-practicas-y-cuando-recurrir-a-ayuda-profesional\/\">Gu\u00eda de migraci\u00f3n de Divi 4 a Divi 5: problemas habituales, buenas pr\u00e1cticas y cu\u00e1ndo buscar ayuda profesional<\/a><\/p>\n<h2>Una de las cosas que m\u00e1s nos gustan es su dise\u00f1o fluido<\/h2>\n<p>Si has estado al tanto de las \u00faltimas tendencias en dise\u00f1o web, seguro que has o\u00eddo hablar del <em>\u00abdise\u00f1o fluido<\/em>\u00bb.<\/p>\n<p>En lugar de definir por separado tama\u00f1os de fuente y espaciados fijos para ordenadores de sobremesa, tabletas y m\u00f3viles, el dise\u00f1o adaptativo permite que los elementos se ajusten de forma natural a los distintos tama\u00f1os de pantalla.<\/p>\n<p>El resultado es una experiencia m\u00e1s fluida y profesional en cualquier dispositivo.<\/p>\n<p>KrafterPRO aplica esta filosof\u00eda en todo su sistema de dise\u00f1o.<\/p>\n<p>La tipograf\u00eda se adapta de forma natural.<\/p>\n<p>El espaciado se ajusta autom\u00e1ticamente.<\/p>\n<p>Los dise\u00f1os se ven m\u00e1s equilibrados, independientemente del tama\u00f1o de la pantalla.<\/p>\n<p>Es una de esas mejoras que los usuarios casi nunca notan de forma consciente, pero sin duda notan la diferencia.<\/p>\n<p>Una vez que has trabajado con un sistema de dise\u00f1o totalmente flexible, resulta sorprendentemente dif\u00edcil volver atr\u00e1s.<\/p>\n<p>De hecho, ahora todos en Mallorca Graphics notamos la diferencia cada vez que tenemos que hacer cambios en una p\u00e1gina web antigua de Divi 4.<\/p>\n<p>Por eso te recomendamos encarecidamente que, si todav\u00eda <a href=\"https:\/\/mallorcagraphics.com\/es\/servicio-de-migracion-de-divi-4-a-divi-5\/\">usas Divi 4, te plantees pasar a Divi 5<\/a>. Para facilitarte la transici\u00f3n, incluso hemos lanzado una tarifa especial de migraci\u00f3n para nuestros clientes actuales. <\/p>\n<p>Es comprensible que algunos clientes decidan posponer la actualizaci\u00f3n y, por supuesto, esa decisi\u00f3n es totalmente suya.<\/p>\n<p>Sin embargo, nuestra recomendaci\u00f3n no se basa en la comodidad ni en las preferencias personales. Se basa en la realidad del dise\u00f1o web moderno. <\/p>\n<p>Hoy en d\u00eda, m\u00e1s de la mitad del tr\u00e1fico de las p\u00e1ginas web viene de dispositivos m\u00f3viles, y los usuarios esperan que las p\u00e1ginas se adapten sin problemas a cualquier tama\u00f1o de pantalla.<\/p>\n<p>La tipograf\u00eda y el espaciado adaptativos ofrecen una experiencia notablemente mejor tanto en ordenadores de sobremesa como en tabletas y m\u00f3viles, creando p\u00e1ginas web que resultan m\u00e1s equilibradas, coherentes y f\u00e1ciles de usar.<\/p>\n<p>Creemos que, en 2026, el dise\u00f1o adaptativo ya no ser\u00e1 un lujo, sino que se convertir\u00e1 en la norma para las p\u00e1ginas web profesionales.<\/p>\n<h2>No est\u00e1s comprando plantillas, sino un flujo de trabajo<\/h2>\n<p>Este es quiz\u00e1s el mayor malentendido que hay sobre KrafterPRO.<\/p>\n<p>Hay quien piensa que no es m\u00e1s que otra colecci\u00f3n de dise\u00f1os o plantillas b\u00e1sicas.<\/p>\n<p><strong>No lo es.<\/strong><\/p>\n<p>Est\u00e1s invirtiendo en un flujo de trabajo profesional.<\/p>\n<p>En lugar de tener que resolver una y otra vez los mismos problemas de dise\u00f1o en cada proyecto nuevo, empiezas con un sistema de dise\u00f1o completo que ya est\u00e1 organizado y listo para la producci\u00f3n.<\/p>\n<p>Eso significa que dedicas menos tiempo a configurar tu editor y mucho m\u00e1s tiempo a crear p\u00e1ginas web geniales para tus clientes.<\/p>\n<h2>La coherencia es una de las mayores ventajas<\/h2>\n<p>A todos los dise\u00f1adores web les ha pasado alguna vez.<\/p>\n<p>T\u00fa creas una p\u00e1gina web.<\/p>\n<p>Seis meses despu\u00e9s, el cliente te pide una p\u00e1gina nueva.<\/p>\n<p>Y luego otra p\u00e1gina.<\/p>\n<p>Y otra m\u00e1s.<\/p>\n<p>Sin un sistema de dise\u00f1o bien estructurado, la coherencia se va perdiendo poco a poco.<\/p>\n<p>Empiezan a aparecer diferentes valores de espaciado.<\/p>\n<p>Los tama\u00f1os de fuente no son uniformes.<\/p>\n<p>Los colores se van alejando poco a poco de la imagen de marca original.<\/p>\n<p>Los botones ya no coinciden.<\/p>\n<p>Las peque\u00f1as diferencias acaban not\u00e1ndose en toda la web.<\/p>\n<p>Al basarnos en el sistema de dise\u00f1o KrafterPRO, nos ha resultado mucho m\u00e1s f\u00e1cil mantener la coherencia a lo largo de todo el proyecto.<\/p>\n<p>Si las variables y los ajustes predefinidos se organizan bien desde el principio, las actualizaciones futuras ser\u00e1n mucho m\u00e1s f\u00e1ciles y r\u00e1pidas de llevar a cabo.<\/p>\n<h2>Ahorrar tiempo en cada proyecto<\/h2>\n<p>Mucha gente se pregunta cu\u00e1nto tiempo se tarda en crear su primera web con Divi 5.<\/p>\n<p>Preferimos echar un vistazo a las pr\u00f3ximas diez p\u00e1ginas web.<\/p>\n<p>Dedicar unas pocas horas a aprender y poner en pr\u00e1ctica un sistema de dise\u00f1o profesional puede ahorrarte decenas de horas en futuros proyectos.<\/p>\n<p>En lugar de tener que volver a crear cada vez los sistemas tipogr\u00e1ficos, las variables de color, las escalas de espaciado y los ajustes predefinidos de los m\u00f3dulos, empiezas con un marco de trabajo que ya est\u00e1 dise\u00f1ado para uso profesional.<\/p>\n<p>Sigues personalizando cada proyecto.<\/p>\n<p>Sigues creando un dise\u00f1o \u00fanico para cada cliente.<\/p>\n<p>Pero ya no est\u00e1s volviendo a construir los cimientos desde cero.<\/p>\n<p>Precisamente por eso KrafterPRO se ha convertido en parte de nuestro flujo de trabajo habitual en Mallorca Graphics.<\/p>\n<h2>KrafterPRO no limita la creatividad, sino que la potencia<\/h2>\n<p>Una de las preocupaciones que tienen algunos dise\u00f1adores es que, si se usa un sistema de dise\u00f1o, todas las p\u00e1ginas web acabar\u00e1n teniendo el mismo aspecto.<\/p>\n<p>Seg\u00fan nuestra experiencia, ocurre justo lo contrario.<\/p>\n<p>Como ya tenemos las bases t\u00e9cnicas listas, podemos dedicar m\u00e1s tiempo a la creatividad, la imagen de marca y la experiencia del usuario.<\/p>\n<p>Todas las p\u00e1ginas web que creamos parten de la misma base profesional.<\/p>\n<p><strong>Sin embargo, cada proyecto tiene lo suyo:<\/strong><\/p>\n<ul>\n<li>Tipograf\u00eda.<\/li>\n<li>Paleta de colores.<\/li>\n<li>Ajustes de espaciado.<\/li>\n<li>Estilo de dise\u00f1o.<\/li>\n<li>Identidad visual.<\/li>\n<\/ul>\n<p>El sistema sigue siendo coherente.<\/p>\n<p>El dise\u00f1o cambia por completo.<\/p>\n<p>As\u00ed es exactamente como deber\u00eda funcionar un sistema de dise\u00f1o profesional.<!-- INTERNAL ARTICLE LINK --><\/p>\n<p><strong>\ud83d\udc49 Lee tambi\u00e9n:<\/strong> <a href=\"https:\/\/mallorcagraphics.com\/es\/blog\/por-que-cada-vez-mas-empresas-eligen-la-gestion-profesional-de-sus-paginas-web-de-wordpress\/\">\u00bfPor qu\u00e9 cada vez m\u00e1s empresas eligen la gesti\u00f3n profesional de sitios web en WordPress?<\/a><!-- SERVICE PAGE LINK --><\/p>\n<h2>Puntos clave<\/h2>\n<ul>\n<li>Divi 5 incorpora potentes variables y ajustes predefinidos que constituyen la base de un sistema de dise\u00f1o moderno.<\/li>\n<li>Crear desde cero un sistema de dise\u00f1o completo y listo para producci\u00f3n sigue llevando bastante tiempo.<\/li>\n<li>KrafterPRO ampl\u00eda las posibilidades de Divi 5 al ofrecerte un flujo de trabajo completo y listo para usar.<\/li>\n<li>Su tipograf\u00eda fluida y su espaciado crean experiencias m\u00e1s uniformes en todo tipo de tama\u00f1os de pantalla.<\/li>\n<li>En Mallorca Graphics, usamos KrafterPRO como base para casi todas las p\u00e1ginas web de Divi 5, aunque personalizamos las variables, los ajustes predefinidos y la imagen de marca de cada proyecto de forma individual.<\/li>\n<li>Usar un sistema de dise\u00f1o profesional te ahorra tiempo, mejora la coherencia y facilita mucho el mantenimiento futuro.<\/li>\n<\/ul>\n<h2>Conclusi\u00f3n<\/h2>\n<p>Divi 5 ha cambiado la forma de crear p\u00e1ginas web.<\/p>\n<p>Las variables y los ajustes predefinidos te ofrecen las herramientas que necesitas para crear p\u00e1ginas web profesionales y adaptables.<\/p>\n<p>Sin embargo, convertir esas herramientas en un flujo de trabajo completo y listo para la producci\u00f3n sigue requiriendo planificaci\u00f3n, experiencia y una inversi\u00f3n considerable de tiempo.<\/p>\n<p>Para nosotros, KrafterPRO cubre esa necesidad a la perfecci\u00f3n.<\/p>\n<p>No sustituye a Divi 5.<\/p>\n<p>As\u00ed es como se aprovecha todo su potencial.<\/p>\n<p>Al empezar cada proyecto partiendo de un sistema de dise\u00f1o que ya ha demostrado su eficacia, dedicamos menos tiempo a configurar nuestro generador de sitios web y m\u00e1s tiempo a crear p\u00e1ginas web de alta calidad para nuestros clientes.<\/p>\n<h2>Reflexi\u00f3n final<\/h2>\n<p>Hay un mont\u00f3n de productos geniales disponibles para Divi 5.<\/p>\n<p>Algunos a\u00f1aden m\u00f3dulos.<\/p>\n<p>Algunos a\u00f1aden dise\u00f1os.<\/p>\n<p>Algunos a\u00f1aden efectos visuales.<\/p>\n<p>KrafterPRO hace algo diferente.<\/p>\n<p>Te ayuda a crear p\u00e1ginas web de forma m\u00e1s eficaz.<\/p>\n<p>Despu\u00e9s de haberlo usado en casi todos los proyectos de Divi 5 en Mallorca Graphics, no nos apetece nada volver a empezar cada proyecto desde un constructor en blanco.<\/p>\n<p><strong>Divi 5 te ofrece las herramientas&#8230;  <\/strong><strong>KrafterPRO te ofrece el sistema.<\/strong><\/p>\n<p>Para nosotros, eso ha marcado la diferencia.<\/p>\n<h2>Preguntas frecuentes<\/h2>\n<h3>\u00bfQu\u00e9 es KrafterPRO?<\/h3>\n<p>KrafterPRO es un sistema de dise\u00f1o profesional creado espec\u00edficamente para Divi 5. Ampl\u00eda las variables y los ajustes preestablecidos de Divi con un flujo de trabajo estructurado que ayuda a los dise\u00f1adores a crear sitios web m\u00e1s r\u00e1pido, con mayor coherencia y m\u00e1s f\u00e1ciles de mantener. <\/p>\n<h3>\u00bfKrafterPRO sustituye a Divi 5?<\/h3>\n<p>No. KrafterPRO se basa en Divi 5. Mejora las funciones que ya tiene Divi, en lugar de sustituirlas.  <\/p>\n<h3>\u00bfPuedo personalizar KrafterPRO para cada cliente?<\/h3>\n<p>Claro que s\u00ed. As\u00ed es exactamente como lo usamos en Mallorca Graphics. Empezamos con el sistema de dise\u00f1o KrafterPRO y luego personalizamos las variables, los ajustes predefinidos, la tipograf\u00eda, los colores y el espaciado para adaptarlos a cada marca en particular.  <\/p>\n<h3>\u00bfQu\u00e9 significa \u00abdise\u00f1o fluido\u00bb?<\/h3>\n<p>El dise\u00f1o fluido permite que la tipograf\u00eda, el espaciado y otros elementos de dise\u00f1o se adapten con fluidez a diferentes tama\u00f1os de pantalla, en lugar de basarse en valores fijos para ordenadores de sobremesa, tabletas y m\u00f3viles. El resultado es una experiencia de usuario m\u00e1s coherente y profesional en todos los dispositivos. <\/p>\n<h3>\u00bfKrafterPRO solo es adecuado para agencias y aut\u00f3nomos?<\/h3>\n<p>Para nada. Aunque KrafterPRO es una soluci\u00f3n excelente para agencias y aut\u00f3nomos que crean muchas p\u00e1ginas web, tambi\u00e9n te resulta igual de \u00fatil si solo vas a crear una. Te ofrece un sistema de dise\u00f1o profesional desde el primer momento, lo que te ayuda a evitar pasar horas y horas creando tus propias variables, ajustes predefinidos y flujos de trabajo. Aunque solo crees una p\u00e1gina web, obtendr\u00e1s un resultado m\u00e1s coherente, escalable y profesional.   <\/p>\n<h3>\u00bfMerece la pena comprar KrafterPRO si solo voy a crear una p\u00e1gina web con Divi 5?<\/h3>\n<p>S\u00ed. De hecho, son los propietarios de sitios web con una sola p\u00e1gina los que m\u00e1s se benefician. En lugar de intentar crear un sistema de dise\u00f1o completo desde cero, KrafterPRO te ofrece una base probada y lista para personalizar. Ahorrar\u00e1s tiempo, evitar\u00e1s errores habituales y acabar\u00e1s con una web mucho m\u00e1s profesional que si intentaras crearlo todo t\u00fa mismo sin tener mucha experiencia con Divi 5.   <\/p>\n<p><script type=\"application\/ld+json\">\n{\n  \"@context\":\"https:\/\/schema.org\",\n  \"@type\":\"FAQPage\",\n  \"mainEntity\":[\n    {\n      \"@type\":\"Question\",\n      \"name\":\"What is KrafterPRO?\",\n      \"acceptedAnswer\":{\n        \"@type\":\"Answer\",\n        \"text\":\"KrafterPRO is a professional design system for Divi 5 that extends Variables and Presets with a structured workflow for building faster, more consistent and easier-to-maintain websites.\"\n      }\n    },\n    {\n      \"@type\":\"Question\",\n      \"name\":\"Does KrafterPRO replace Divi 5?\",\n      \"acceptedAnswer\":{\n        \"@type\":\"Answer\",\n        \"text\":\"No. KrafterPRO is built on top of Divi 5 and enhances its existing Variables and Presets rather than replacing them.\"\n      }\n    },\n    {\n      \"@type\":\"Question\",\n      \"name\":\"Can I customise KrafterPRO for every client?\",\n      \"acceptedAnswer\":{\n        \"@type\":\"Answer\",\n        \"text\":\"Yes. Variables, Presets, typography, colours and spacing can all be customised while keeping the professional workflow intact.\"\n      }\n    },\n    {\n      \"@type\":\"Question\",\n      \"name\":\"What does fluid design mean?\",\n      \"acceptedAnswer\":{\n        \"@type\":\"Answer\",\n        \"text\":\"Fluid design allows typography and spacing to scale naturally between screen sizes, creating a more consistent and professional experience across desktop, tablet and mobile devices.\"\n      }\n    },\n    {\n      \"@type\":\"Question\",\n      \"name\":\"Is KrafterPRO only suitable for agencies and freelancers?\",\n      \"acceptedAnswer\":{\n        \"@type\":\"Answer\",\n        \"text\":\"No. While KrafterPRO is ideal for agencies and freelancers building multiple websites, it is equally valuable for anyone creating a single website. It provides a complete professional design system from the beginning, saving time and helping achieve a more consistent result.\"\n      }\n    },\n    {\n      \"@type\":\"Question\",\n      \"name\":\"Is KrafterPRO worth it if I'm only building one Divi 5 website?\",\n      \"acceptedAnswer\":{\n        \"@type\":\"Answer\",\n        \"text\":\"Yes. Even if you're only building one website, KrafterPRO provides a proven design system that saves time, avoids common mistakes and helps you create a far more professional website than building everything from scratch.\"\n      }\n    }\n  ]\n}\n<\/script><\/p>\n","protected":false},"excerpt":{"rendered":"<p>Nota del editor Desde que nos pasamos a Divi 5, hay una pregunta que nos han hecho una y otra vez tanto los usuarios nuevos como los m\u00e1s experimentados: \u00ab\u00bfC\u00f3mo se crean sitios web que sean coherentes, escalables y f\u00e1ciles de mantener?\u00bb. Aunque Divi 5 trae nuevas funciones geniales, como las variables y los ajustes [&hellip;]<\/p>\n","protected":false},"author":1,"featured_media":987518626,"comment_status":"open","ping_status":"open","sticky":false,"template":"","format":"standard","meta":{"iawp_total_views":0,"footnotes":""},"categories":[34,44],"tags":[],"formats":[],"class_list":["post-987518625","post","type-post","status-publish","format-standard","has-post-thumbnail","hentry","category-sin-categoria","category-diseno-web"],"dsm_author":{"name":"Mallorca Graphics","avatar_url":"https:\/\/secure.gravatar.com\/avatar\/e42fd41bbd15ce9169bafd9a4a547dc85d26eb397c3a9c825cd9face8805b660?s=96&d=mm&r=g","archive_link":"https:\/\/mallorcagraphics.com\/es\/blog\/author\/pedro-alvarez\/","biodata":""},"dsm_categories":[{"term_name":"Acerca de...","term_id":34,"term_link":"https:\/\/mallorcagraphics.com\/es\/blog\/category\/sin-categoria\/"},{"term_name":"Dise\u00f1o web","term_id":44,"term_link":"https:\/\/mallorcagraphics.com\/es\/blog\/category\/diseno-web\/"}],"dsm_attachment_categories":[],"dsm_featured_image":{"thumbnail":"https:\/\/mallorcagraphics.com\/wp-content\/uploads\/2026\/08\/Article_36.jpg","medium":"https:\/\/mallorcagraphics.com\/wp-content\/uploads\/2026\/08\/Article_36.jpg","medium_large":"https:\/\/mallorcagraphics.com\/wp-content\/uploads\/2026\/08\/Article_36.jpg","large":"https:\/\/mallorcagraphics.com\/wp-content\/uploads\/2026\/08\/Article_36.jpg","1536x1536":"https:\/\/mallorcagraphics.com\/wp-content\/uploads\/2026\/08\/Article_36.jpg","2048x2048":"https:\/\/mallorcagraphics.com\/wp-content\/uploads\/2026\/08\/Article_36.jpg","et-pb-post-main-image":"https:\/\/mallorcagraphics.com\/wp-content\/uploads\/2026\/08\/Article_36.jpg","et-pb-post-main-image-fullwidth":"https:\/\/mallorcagraphics.com\/wp-content\/uploads\/2026\/08\/Article_36.jpg","et-pb-portfolio-image":"https:\/\/mallorcagraphics.com\/wp-content\/uploads\/2026\/08\/Article_36.jpg","et-pb-portfolio-module-image":"https:\/\/mallorcagraphics.com\/wp-content\/uploads\/2026\/08\/Article_36.jpg","et-pb-portfolio-image-single":"https:\/\/mallorcagraphics.com\/wp-content\/uploads\/2026\/08\/Article_36.jpg","et-pb-gallery-module-image-portrait":"https:\/\/mallorcagraphics.com\/wp-content\/uploads\/2026\/08\/Article_36.jpg","et-pb-post-main-image-fullwidth-large":"https:\/\/mallorcagraphics.com\/wp-content\/uploads\/2026\/08\/Article_36.jpg","et-pb-image--responsive--desktop":"https:\/\/mallorcagraphics.com\/wp-content\/uploads\/2026\/08\/Article_36.jpg","et-pb-image--responsive--tablet":"https:\/\/mallorcagraphics.com\/wp-content\/uploads\/2026\/08\/Article_36.jpg","et-pb-image--responsive--phone":"https:\/\/mallorcagraphics.com\/wp-content\/uploads\/2026\/08\/Article_36.jpg","gform-image-choice-sm":"https:\/\/mallorcagraphics.com\/wp-content\/uploads\/2026\/08\/Article_36.jpg","gform-image-choice-md":"https:\/\/mallorcagraphics.com\/wp-content\/uploads\/2026\/08\/Article_36.jpg","gform-image-choice-lg":"https:\/\/mallorcagraphics.com\/wp-content\/uploads\/2026\/08\/Article_36.jpg","full":"https:\/\/mallorcagraphics.com\/wp-content\/uploads\/2026\/08\/Article_36.jpg"},"dsm_comment_count":0,"yoast_head":"<!-- This site is optimized with the Yoast SEO Premium plugin v28.4 (Yoast SEO v28.4) - https:\/\/yoast.com\/product\/yoast-seo-premium-wordpress\/ -->\n<title>Por qu\u00e9 KrafterPRO es la pieza que te faltaba y que todo dise\u00f1ador de Divi 5 deber\u00eda conocer - Mallorca Graphics<\/title>\n<meta name=\"robots\" content=\"index, follow, max-snippet:-1, max-image-preview:large, max-video-preview:-1\" \/>\n<link rel=\"canonical\" href=\"https:\/\/mallorcagraphics.com\/es\/blog\/por-que-krafterpro-es-la-pieza-que-te-faltaba-y-que-todo-disenador-de-divi-5-deberia-conocer\/\" \/>\n<meta property=\"og:locale\" content=\"es_ES\" \/>\n<meta property=\"og:type\" content=\"article\" \/>\n<meta property=\"og:title\" content=\"Por qu\u00e9 KrafterPRO es la pieza que te faltaba y que todo dise\u00f1ador de Divi 5 deber\u00eda conocer\" \/>\n<meta property=\"og:description\" content=\"Nota del editor Desde que nos pasamos a Divi 5, hay una pregunta que nos han hecho una y otra vez tanto los usuarios nuevos como los m\u00e1s experimentados: \u00ab\u00bfC\u00f3mo se crean sitios web que sean coherentes, escalables y f\u00e1ciles de mantener?\u00bb. Aunque Divi 5 trae nuevas funciones geniales, como las variables y los ajustes [&hellip;]\" \/>\n<meta property=\"og:url\" content=\"https:\/\/mallorcagraphics.com\/es\/blog\/por-que-krafterpro-es-la-pieza-que-te-faltaba-y-que-todo-disenador-de-divi-5-deberia-conocer\/\" \/>\n<meta property=\"og:site_name\" content=\"Mallorca Graphics\" \/>\n<meta property=\"article:publisher\" content=\"https:\/\/www.facebook.com\/MallorcaGraphics\" \/>\n<meta property=\"article:published_time\" content=\"2026-08-27T10:32:42+00:00\" \/>\n<meta property=\"article:modified_time\" content=\"2026-09-03T17:07:56+00:00\" \/>\n<meta property=\"og:image\" content=\"https:\/\/mallorcagraphics.com\/wp-content\/uploads\/2026\/08\/Article_36.jpg\" \/>\n\t<meta property=\"og:image:width\" content=\"900\" \/>\n\t<meta property=\"og:image:height\" content=\"600\" \/>\n\t<meta property=\"og:image:type\" content=\"image\/jpeg\" \/>\n<meta name=\"author\" content=\"Mallorca Graphics\" \/>\n<meta name=\"twitter:card\" content=\"summary_large_image\" \/>\n<meta name=\"twitter:label1\" content=\"Escrito por\" \/>\n\t<meta name=\"twitter:data1\" content=\"Mallorca Graphics\" \/>\n\t<meta name=\"twitter:label2\" content=\"Tiempo de lectura\" \/>\n\t<meta name=\"twitter:data2\" content=\"12 minutos\" \/>\n<script type=\"application\/ld+json\" class=\"yoast-schema-graph\">{\"@context\":\"https:\\\/\\\/schema.org\",\"@graph\":[{\"@type\":\"Article\",\"@id\":\"https:\\\/\\\/mallorcagraphics.com\\\/es\\\/blog\\\/por-que-krafterpro-es-la-pieza-que-te-faltaba-y-que-todo-disenador-de-divi-5-deberia-conocer\\\/#article\",\"isPartOf\":{\"@id\":\"https:\\\/\\\/mallorcagraphics.com\\\/es\\\/blog\\\/por-que-krafterpro-es-la-pieza-que-te-faltaba-y-que-todo-disenador-de-divi-5-deberia-conocer\\\/\"},\"author\":{\"name\":\"Mallorca Graphics\",\"@id\":\"https:\\\/\\\/mallorcagraphics.com\\\/es\\\/#\\\/schema\\\/person\\\/52c9968b2c5077929df1218c7a7d17fa\"},\"headline\":\"Por qu\u00e9 KrafterPRO es la pieza que te faltaba y que todo dise\u00f1ador de Divi 5 deber\u00eda conocer\",\"datePublished\":\"2026-08-27T10:32:42+00:00\",\"dateModified\":\"2026-09-03T17:07:56+00:00\",\"mainEntityOfPage\":{\"@id\":\"https:\\\/\\\/mallorcagraphics.com\\\/es\\\/blog\\\/por-que-krafterpro-es-la-pieza-que-te-faltaba-y-que-todo-disenador-de-divi-5-deberia-conocer\\\/\"},\"wordCount\":2349,\"commentCount\":0,\"publisher\":{\"@id\":\"https:\\\/\\\/mallorcagraphics.com\\\/es\\\/#organization\"},\"image\":{\"@id\":\"https:\\\/\\\/mallorcagraphics.com\\\/es\\\/blog\\\/por-que-krafterpro-es-la-pieza-que-te-faltaba-y-que-todo-disenador-de-divi-5-deberia-conocer\\\/#primaryimage\"},\"thumbnailUrl\":\"https:\\\/\\\/mallorcagraphics.com\\\/wp-content\\\/uploads\\\/2026\\\/08\\\/Article_36.jpg\",\"articleSection\":[\"Acerca de...\",\"Dise\u00f1o web\"],\"inLanguage\":\"es\",\"potentialAction\":[{\"@type\":\"CommentAction\",\"name\":\"Comment\",\"target\":[\"https:\\\/\\\/mallorcagraphics.com\\\/es\\\/blog\\\/por-que-krafterpro-es-la-pieza-que-te-faltaba-y-que-todo-disenador-de-divi-5-deberia-conocer\\\/#respond\"]}]},{\"@type\":\"WebPage\",\"@id\":\"https:\\\/\\\/mallorcagraphics.com\\\/es\\\/blog\\\/por-que-krafterpro-es-la-pieza-que-te-faltaba-y-que-todo-disenador-de-divi-5-deberia-conocer\\\/\",\"url\":\"https:\\\/\\\/mallorcagraphics.com\\\/es\\\/blog\\\/por-que-krafterpro-es-la-pieza-que-te-faltaba-y-que-todo-disenador-de-divi-5-deberia-conocer\\\/\",\"name\":\"Por qu\u00e9 KrafterPRO es la pieza que te faltaba y que todo dise\u00f1ador de Divi 5 deber\u00eda conocer - Mallorca Graphics\",\"isPartOf\":{\"@id\":\"https:\\\/\\\/mallorcagraphics.com\\\/es\\\/#website\"},\"primaryImageOfPage\":{\"@id\":\"https:\\\/\\\/mallorcagraphics.com\\\/es\\\/blog\\\/por-que-krafterpro-es-la-pieza-que-te-faltaba-y-que-todo-disenador-de-divi-5-deberia-conocer\\\/#primaryimage\"},\"image\":{\"@id\":\"https:\\\/\\\/mallorcagraphics.com\\\/es\\\/blog\\\/por-que-krafterpro-es-la-pieza-que-te-faltaba-y-que-todo-disenador-de-divi-5-deberia-conocer\\\/#primaryimage\"},\"thumbnailUrl\":\"https:\\\/\\\/mallorcagraphics.com\\\/wp-content\\\/uploads\\\/2026\\\/08\\\/Article_36.jpg\",\"datePublished\":\"2026-08-27T10:32:42+00:00\",\"dateModified\":\"2026-09-03T17:07:56+00:00\",\"breadcrumb\":{\"@id\":\"https:\\\/\\\/mallorcagraphics.com\\\/es\\\/blog\\\/por-que-krafterpro-es-la-pieza-que-te-faltaba-y-que-todo-disenador-de-divi-5-deberia-conocer\\\/#breadcrumb\"},\"inLanguage\":\"es\",\"potentialAction\":[{\"@type\":\"ReadAction\",\"target\":[\"https:\\\/\\\/mallorcagraphics.com\\\/es\\\/blog\\\/por-que-krafterpro-es-la-pieza-que-te-faltaba-y-que-todo-disenador-de-divi-5-deberia-conocer\\\/\"]}]},{\"@type\":\"ImageObject\",\"inLanguage\":\"es\",\"@id\":\"https:\\\/\\\/mallorcagraphics.com\\\/es\\\/blog\\\/por-que-krafterpro-es-la-pieza-que-te-faltaba-y-que-todo-disenador-de-divi-5-deberia-conocer\\\/#primaryimage\",\"url\":\"https:\\\/\\\/mallorcagraphics.com\\\/wp-content\\\/uploads\\\/2026\\\/08\\\/Article_36.jpg\",\"contentUrl\":\"https:\\\/\\\/mallorcagraphics.com\\\/wp-content\\\/uploads\\\/2026\\\/08\\\/Article_36.jpg\",\"width\":900,\"height\":600,\"caption\":\"KrafterPRO Divi 5\"},{\"@type\":\"BreadcrumbList\",\"@id\":\"https:\\\/\\\/mallorcagraphics.com\\\/es\\\/blog\\\/por-que-krafterpro-es-la-pieza-que-te-faltaba-y-que-todo-disenador-de-divi-5-deberia-conocer\\\/#breadcrumb\",\"itemListElement\":[{\"@type\":\"ListItem\",\"position\":1,\"name\":\"Home\",\"item\":\"https:\\\/\\\/mallorcagraphics.com\\\/es\\\/\"},{\"@type\":\"ListItem\",\"position\":2,\"name\":\"Por qu\u00e9 KrafterPRO es la pieza que te faltaba y que todo dise\u00f1ador de Divi 5 deber\u00eda conocer\"}]},{\"@type\":\"WebSite\",\"@id\":\"https:\\\/\\\/mallorcagraphics.com\\\/es\\\/#website\",\"url\":\"https:\\\/\\\/mallorcagraphics.com\\\/es\\\/\",\"name\":\"Mallorca Graphics\",\"description\":\"\",\"publisher\":{\"@id\":\"https:\\\/\\\/mallorcagraphics.com\\\/es\\\/#organization\"},\"potentialAction\":[{\"@type\":\"SearchAction\",\"target\":{\"@type\":\"EntryPoint\",\"urlTemplate\":\"https:\\\/\\\/mallorcagraphics.com\\\/es\\\/?s={search_term_string}\"},\"query-input\":{\"@type\":\"PropertyValueSpecification\",\"valueRequired\":true,\"valueName\":\"search_term_string\"}}],\"inLanguage\":\"es\"},{\"@type\":\"Organization\",\"@id\":\"https:\\\/\\\/mallorcagraphics.com\\\/es\\\/#organization\",\"name\":\"Mallorca Graphics\",\"url\":\"https:\\\/\\\/mallorcagraphics.com\\\/es\\\/\",\"logo\":{\"@type\":\"ImageObject\",\"inLanguage\":\"es\",\"@id\":\"https:\\\/\\\/mallorcagraphics.com\\\/es\\\/#\\\/schema\\\/logo\\\/image\\\/\",\"url\":\"https:\\\/\\\/mallorcagraphics.com\\\/wp-content\\\/uploads\\\/2026\\\/01\\\/Logo_header_200px.png\",\"contentUrl\":\"https:\\\/\\\/mallorcagraphics.com\\\/wp-content\\\/uploads\\\/2026\\\/01\\\/Logo_header_200px.png\",\"width\":200,\"height\":61,\"caption\":\"Mallorca Graphics\"},\"image\":{\"@id\":\"https:\\\/\\\/mallorcagraphics.com\\\/es\\\/#\\\/schema\\\/logo\\\/image\\\/\"},\"sameAs\":[\"https:\\\/\\\/www.facebook.com\\\/MallorcaGraphics\",\"https:\\\/\\\/www.linkedin.com\\\/company\\\/mallorca-graphics\\\/\",\"https:\\\/\\\/www.instagram.com\\\/mallorca.graphics\\\/\",\"https:\\\/\\\/www.youtube.com\\\/@Mallorca.Graphics\\\/\"]},{\"@type\":\"Person\",\"@id\":\"https:\\\/\\\/mallorcagraphics.com\\\/es\\\/#\\\/schema\\\/person\\\/52c9968b2c5077929df1218c7a7d17fa\",\"name\":\"Mallorca Graphics\",\"image\":{\"@type\":\"ImageObject\",\"inLanguage\":\"es\",\"@id\":\"https:\\\/\\\/secure.gravatar.com\\\/avatar\\\/e42fd41bbd15ce9169bafd9a4a547dc85d26eb397c3a9c825cd9face8805b660?s=96&d=mm&r=g\",\"url\":\"https:\\\/\\\/secure.gravatar.com\\\/avatar\\\/e42fd41bbd15ce9169bafd9a4a547dc85d26eb397c3a9c825cd9face8805b660?s=96&d=mm&r=g\",\"contentUrl\":\"https:\\\/\\\/secure.gravatar.com\\\/avatar\\\/e42fd41bbd15ce9169bafd9a4a547dc85d26eb397c3a9c825cd9face8805b660?s=96&d=mm&r=g\",\"caption\":\"Mallorca Graphics\"},\"sameAs\":[\"https:\\\/\\\/mallorcagraphics.com\"],\"url\":\"https:\\\/\\\/mallorcagraphics.com\\\/es\\\/blog\\\/author\\\/pedro-alvarez\\\/\"}]}<\/script>\n<!-- \/ Yoast SEO Premium plugin. -->","yoast_head_json":{"title":"Por qu\u00e9 KrafterPRO es la pieza que te faltaba y que todo dise\u00f1ador de Divi 5 deber\u00eda conocer - Mallorca Graphics","robots":{"index":"index","follow":"follow","max-snippet":"max-snippet:-1","max-image-preview":"max-image-preview:large","max-video-preview":"max-video-preview:-1"},"canonical":"https:\/\/mallorcagraphics.com\/es\/blog\/por-que-krafterpro-es-la-pieza-que-te-faltaba-y-que-todo-disenador-de-divi-5-deberia-conocer\/","og_locale":"es_ES","og_type":"article","og_title":"Por qu\u00e9 KrafterPRO es la pieza que te faltaba y que todo dise\u00f1ador de Divi 5 deber\u00eda conocer","og_description":"Nota del editor Desde que nos pasamos a Divi 5, hay una pregunta que nos han hecho una y otra vez tanto los usuarios nuevos como los m\u00e1s experimentados: \u00ab\u00bfC\u00f3mo se crean sitios web que sean coherentes, escalables y f\u00e1ciles de mantener?\u00bb. Aunque Divi 5 trae nuevas funciones geniales, como las variables y los ajustes [&hellip;]","og_url":"https:\/\/mallorcagraphics.com\/es\/blog\/por-que-krafterpro-es-la-pieza-que-te-faltaba-y-que-todo-disenador-de-divi-5-deberia-conocer\/","og_site_name":"Mallorca Graphics","article_publisher":"https:\/\/www.facebook.com\/MallorcaGraphics","article_published_time":"2026-08-27T10:32:42+00:00","article_modified_time":"2026-09-03T17:07:56+00:00","og_image":[{"width":900,"height":600,"url":"https:\/\/mallorcagraphics.com\/wp-content\/uploads\/2026\/08\/Article_36.jpg","type":"image\/jpeg"}],"author":"Mallorca Graphics","twitter_card":"summary_large_image","twitter_misc":{"Escrito por":"Mallorca Graphics","Tiempo de lectura":"12 minutos"},"schema":{"@context":"https:\/\/schema.org","@graph":[{"@type":"Article","@id":"https:\/\/mallorcagraphics.com\/es\/blog\/por-que-krafterpro-es-la-pieza-que-te-faltaba-y-que-todo-disenador-de-divi-5-deberia-conocer\/#article","isPartOf":{"@id":"https:\/\/mallorcagraphics.com\/es\/blog\/por-que-krafterpro-es-la-pieza-que-te-faltaba-y-que-todo-disenador-de-divi-5-deberia-conocer\/"},"author":{"name":"Mallorca Graphics","@id":"https:\/\/mallorcagraphics.com\/es\/#\/schema\/person\/52c9968b2c5077929df1218c7a7d17fa"},"headline":"Por qu\u00e9 KrafterPRO es la pieza que te faltaba y que todo dise\u00f1ador de Divi 5 deber\u00eda conocer","datePublished":"2026-08-27T10:32:42+00:00","dateModified":"2026-09-03T17:07:56+00:00","mainEntityOfPage":{"@id":"https:\/\/mallorcagraphics.com\/es\/blog\/por-que-krafterpro-es-la-pieza-que-te-faltaba-y-que-todo-disenador-de-divi-5-deberia-conocer\/"},"wordCount":2349,"commentCount":0,"publisher":{"@id":"https:\/\/mallorcagraphics.com\/es\/#organization"},"image":{"@id":"https:\/\/mallorcagraphics.com\/es\/blog\/por-que-krafterpro-es-la-pieza-que-te-faltaba-y-que-todo-disenador-de-divi-5-deberia-conocer\/#primaryimage"},"thumbnailUrl":"https:\/\/mallorcagraphics.com\/wp-content\/uploads\/2026\/08\/Article_36.jpg","articleSection":["Acerca de...","Dise\u00f1o web"],"inLanguage":"es","potentialAction":[{"@type":"CommentAction","name":"Comment","target":["https:\/\/mallorcagraphics.com\/es\/blog\/por-que-krafterpro-es-la-pieza-que-te-faltaba-y-que-todo-disenador-de-divi-5-deberia-conocer\/#respond"]}]},{"@type":"WebPage","@id":"https:\/\/mallorcagraphics.com\/es\/blog\/por-que-krafterpro-es-la-pieza-que-te-faltaba-y-que-todo-disenador-de-divi-5-deberia-conocer\/","url":"https:\/\/mallorcagraphics.com\/es\/blog\/por-que-krafterpro-es-la-pieza-que-te-faltaba-y-que-todo-disenador-de-divi-5-deberia-conocer\/","name":"Por qu\u00e9 KrafterPRO es la pieza que te faltaba y que todo dise\u00f1ador de Divi 5 deber\u00eda conocer - Mallorca Graphics","isPartOf":{"@id":"https:\/\/mallorcagraphics.com\/es\/#website"},"primaryImageOfPage":{"@id":"https:\/\/mallorcagraphics.com\/es\/blog\/por-que-krafterpro-es-la-pieza-que-te-faltaba-y-que-todo-disenador-de-divi-5-deberia-conocer\/#primaryimage"},"image":{"@id":"https:\/\/mallorcagraphics.com\/es\/blog\/por-que-krafterpro-es-la-pieza-que-te-faltaba-y-que-todo-disenador-de-divi-5-deberia-conocer\/#primaryimage"},"thumbnailUrl":"https:\/\/mallorcagraphics.com\/wp-content\/uploads\/2026\/08\/Article_36.jpg","datePublished":"2026-08-27T10:32:42+00:00","dateModified":"2026-09-03T17:07:56+00:00","breadcrumb":{"@id":"https:\/\/mallorcagraphics.com\/es\/blog\/por-que-krafterpro-es-la-pieza-que-te-faltaba-y-que-todo-disenador-de-divi-5-deberia-conocer\/#breadcrumb"},"inLanguage":"es","potentialAction":[{"@type":"ReadAction","target":["https:\/\/mallorcagraphics.com\/es\/blog\/por-que-krafterpro-es-la-pieza-que-te-faltaba-y-que-todo-disenador-de-divi-5-deberia-conocer\/"]}]},{"@type":"ImageObject","inLanguage":"es","@id":"https:\/\/mallorcagraphics.com\/es\/blog\/por-que-krafterpro-es-la-pieza-que-te-faltaba-y-que-todo-disenador-de-divi-5-deberia-conocer\/#primaryimage","url":"https:\/\/mallorcagraphics.com\/wp-content\/uploads\/2026\/08\/Article_36.jpg","contentUrl":"https:\/\/mallorcagraphics.com\/wp-content\/uploads\/2026\/08\/Article_36.jpg","width":900,"height":600,"caption":"KrafterPRO Divi 5"},{"@type":"BreadcrumbList","@id":"https:\/\/mallorcagraphics.com\/es\/blog\/por-que-krafterpro-es-la-pieza-que-te-faltaba-y-que-todo-disenador-de-divi-5-deberia-conocer\/#breadcrumb","itemListElement":[{"@type":"ListItem","position":1,"name":"Home","item":"https:\/\/mallorcagraphics.com\/es\/"},{"@type":"ListItem","position":2,"name":"Por qu\u00e9 KrafterPRO es la pieza que te faltaba y que todo dise\u00f1ador de Divi 5 deber\u00eda conocer"}]},{"@type":"WebSite","@id":"https:\/\/mallorcagraphics.com\/es\/#website","url":"https:\/\/mallorcagraphics.com\/es\/","name":"Mallorca Graphics","description":"","publisher":{"@id":"https:\/\/mallorcagraphics.com\/es\/#organization"},"potentialAction":[{"@type":"SearchAction","target":{"@type":"EntryPoint","urlTemplate":"https:\/\/mallorcagraphics.com\/es\/?s={search_term_string}"},"query-input":{"@type":"PropertyValueSpecification","valueRequired":true,"valueName":"search_term_string"}}],"inLanguage":"es"},{"@type":"Organization","@id":"https:\/\/mallorcagraphics.com\/es\/#organization","name":"Mallorca Graphics","url":"https:\/\/mallorcagraphics.com\/es\/","logo":{"@type":"ImageObject","inLanguage":"es","@id":"https:\/\/mallorcagraphics.com\/es\/#\/schema\/logo\/image\/","url":"https:\/\/mallorcagraphics.com\/wp-content\/uploads\/2026\/01\/Logo_header_200px.png","contentUrl":"https:\/\/mallorcagraphics.com\/wp-content\/uploads\/2026\/01\/Logo_header_200px.png","width":200,"height":61,"caption":"Mallorca Graphics"},"image":{"@id":"https:\/\/mallorcagraphics.com\/es\/#\/schema\/logo\/image\/"},"sameAs":["https:\/\/www.facebook.com\/MallorcaGraphics","https:\/\/www.linkedin.com\/company\/mallorca-graphics\/","https:\/\/www.instagram.com\/mallorca.graphics\/","https:\/\/www.youtube.com\/@Mallorca.Graphics\/"]},{"@type":"Person","@id":"https:\/\/mallorcagraphics.com\/es\/#\/schema\/person\/52c9968b2c5077929df1218c7a7d17fa","name":"Mallorca Graphics","image":{"@type":"ImageObject","inLanguage":"es","@id":"https:\/\/secure.gravatar.com\/avatar\/e42fd41bbd15ce9169bafd9a4a547dc85d26eb397c3a9c825cd9face8805b660?s=96&d=mm&r=g","url":"https:\/\/secure.gravatar.com\/avatar\/e42fd41bbd15ce9169bafd9a4a547dc85d26eb397c3a9c825cd9face8805b660?s=96&d=mm&r=g","contentUrl":"https:\/\/secure.gravatar.com\/avatar\/e42fd41bbd15ce9169bafd9a4a547dc85d26eb397c3a9c825cd9face8805b660?s=96&d=mm&r=g","caption":"Mallorca Graphics"},"sameAs":["https:\/\/mallorcagraphics.com"],"url":"https:\/\/mallorcagraphics.com\/es\/blog\/author\/pedro-alvarez\/"}]}},"_links":{"self":[{"href":"https:\/\/mallorcagraphics.com\/es\/wp-json\/wp\/v2\/posts\/987518625","targetHints":{"allow":["GET"]}}],"collection":[{"href":"https:\/\/mallorcagraphics.com\/es\/wp-json\/wp\/v2\/posts"}],"about":[{"href":"https:\/\/mallorcagraphics.com\/es\/wp-json\/wp\/v2\/types\/post"}],"author":[{"embeddable":true,"href":"https:\/\/mallorcagraphics.com\/es\/wp-json\/wp\/v2\/users\/1"}],"replies":[{"embeddable":true,"href":"https:\/\/mallorcagraphics.com\/es\/wp-json\/wp\/v2\/comments?post=987518625"}],"version-history":[{"count":1,"href":"https:\/\/mallorcagraphics.com\/es\/wp-json\/wp\/v2\/posts\/987518625\/revisions"}],"predecessor-version":[{"id":987519163,"href":"https:\/\/mallorcagraphics.com\/es\/wp-json\/wp\/v2\/posts\/987518625\/revisions\/987519163"}],"wp:featuredmedia":[{"embeddable":true,"href":"https:\/\/mallorcagraphics.com\/es\/wp-json\/wp\/v2\/media\/987518626"}],"wp:attachment":[{"href":"https:\/\/mallorcagraphics.com\/es\/wp-json\/wp\/v2\/media?parent=987518625"}],"wp:term":[{"taxonomy":"category","embeddable":true,"href":"https:\/\/mallorcagraphics.com\/es\/wp-json\/wp\/v2\/categories?post=987518625"},{"taxonomy":"post_tag","embeddable":true,"href":"https:\/\/mallorcagraphics.com\/es\/wp-json\/wp\/v2\/tags?post=987518625"},{"taxonomy":"post_format","embeddable":true,"href":"https:\/\/mallorcagraphics.com\/es\/wp-json\/wp\/v2\/formats?post=987518625"}],"curies":[{"name":"wp","href":"https:\/\/api.w.org\/{rel}","templated":true}]}}