{"id":987517036,"date":"2023-03-10T15:43:49","date_gmt":"2023-03-10T15:43:49","guid":{"rendered":"https:\/\/mallorcagraphics.com\/blog\/beneficios-de-la-fotografia-en-las-redes-sociales\/"},"modified":"2023-03-10T15:43:49","modified_gmt":"2023-03-10T15:43:49","slug":"beneficios-de-la-fotografia-en-las-redes-sociales","status":"publish","type":"post","link":"https:\/\/mallorcagraphics.com\/es\/blog\/beneficios-de-la-fotografia-en-las-redes-sociales\/","title":{"rendered":"Beneficios de la fotograf\u00eda en las redes sociales"},"content":{"rendered":"<p>\u00bfAlguna vez te has paseado por Instagram y te has preguntado c\u00f3mo es posible que las fotos <a href=\"https:\/\/www.statista.com\/statistics\/617136\/digital-population-worldwide\/\">de 4.700 millones de usuarios activos de las redes sociales<\/a> sean tan perfectas? Las redes sociales han arrasado en todo el mundo, pero \u00bfcu\u00e1l es la clave del \u00e9xito? \u00bfEs la fotograf\u00eda en las redes sociales? La fotograf\u00eda en las redes sociales es una forma apasionante de compartir tu creatividad y llegar a un p\u00fablico m\u00e1s amplio. Puedes crear im\u00e1genes llamativas con el equipo y las t\u00e9cnicas de edici\u00f3n adecuados para captar la atenci\u00f3n de la gente.    <\/p>\n<h2>\u00bfCu\u00e1les son los beneficios de la fotograf\u00eda en las redes sociales?<\/h2>\n<p>Las empresas tienen <strong>muchas posibilidades <\/strong>de estar presentes en Internet. Del mismo modo, los fot\u00f3grafos pueden utilizarla para mostrar su talento y atraer a clientes potenciales. Estas son las ventajas m\u00e1s interesantes:  <\/p>\n<h3>1. Conecte con su p\u00fablico<\/h3>\n<p>Las fotos en las redes sociales son una forma eficaz de conectar con su p\u00fablico y llegar a nuevos clientes. Puede <a href=\"https:\/\/blog.hubspot.com\/marketing\/visual-content-marketing-strategy\">llegar a la friolera de 169 millones de clientes potenciales<\/a> con anuncios en Pinterest, la plataforma de marketing visual por excelencia. Cuando la gente se desplaza por sus feeds, es m\u00e1s probable que se detenga y preste atenci\u00f3n si ve algo visualmente atractivo. Las fotos pueden ayudarte a contar la historia de tu marca de una forma que el texto por s\u00ed solo no puede. Pueden destacar lo que hace que sus productos o servicios sean \u00fanicos y demostrar el valor que ofrece a sus clientes.    <\/p>\n<h3>2. Crear conciencia de marca<\/h3>\n<p>Las im\u00e1genes en varias plataformas permiten a los usuarios reconocer y recordar r\u00e1pidamente su marca, lo que <strong>ayuda a construir el reconocimiento del nombre<\/strong> con el tiempo. Las fotos tambi\u00e9n aportan variedad de contenido a las cuentas de las redes sociales, haci\u00e9ndolas m\u00e1s interesantes y atractivas para los seguidores potenciales, que pueden estar menos interesados en leer mensajes de texto o largas descripciones de productos o servicios. Al crear contenido visual que llame la atenci\u00f3n de los usuarios que se desplazan por sus l\u00edneas de tiempo o noticias, las marcas pueden ganar fans que se convertir\u00e1n en fieles seguidores con el tiempo.  <\/p>\n<h3>3. Aumentar el compromiso<\/h3>\n<p>Publicar fotos en las redes sociales es una de las mejores formas de aumentar el compromiso con los seguidores actuales. Tambi\u00e9n puede atraer a clientes potenciales que se encuentren con su cuenta de forma org\u00e1nica o a trav\u00e9s de otros canales, como anuncios o enlaces a sitios web compartidos en c\u00edrculos sociales. <strong>Las fotos suelen suscitar conversaciones<\/strong> entre los usuarios, por lo que publicar im\u00e1genes de calidad con regularidad es esencial para entablar relaciones con los clientes en l\u00ednea y convertirlos en fans de su marca para toda la vida. <\/p>\n<h2>Ideas para crear fotograf\u00edas sorprendentes en las redes sociales<\/h2>\n<p>La fotograf\u00eda en las redes sociales est\u00e1 ayudando a las marcas a subir de nivel en la feroz competencia. Aqu\u00ed tienes algunos consejos y trucos para crear im\u00e1genes memorables en las redes sociales: <\/p>\n<ul>\n<li><strong>Cuenta una historia con fotos<\/strong>: Puedes hacerlo <strong>publicando una serie de fotos<\/strong> que, combinadas, creen una narraci\u00f3n global.<\/li>\n<li><strong>Muestra emoci\u00f3n en tus im\u00e1genes<\/strong>: Ya sea para destacar historias de clientes o simplemente para mostrar su producto o servicio, intente capturar momentos que evoquen emociones en los espectadores.<\/li>\n<li><strong>Incluya elementos de estilo de vida: <\/strong>Pueden ser desde accesorios relacionados con el producto que vendes (por ejemplo, gafas de sol si vendes ropa de playa) hasta accesorios asociados a lo que hace tu negocio (por ejemplo, herramientas si ofreces servicios de reparaci\u00f3n).<\/li>\n<\/ul>\n<p>Por \u00faltimo, 2023 es el a\u00f1o del env\u00edo r\u00e1pido a todas partes. Los elementos visuales se est\u00e1n imponiendo al contenido de texto sin formato, as\u00ed que adel\u00e1ntese a su competencia. Lea <a href=\"https:\/\/mallorcagraphics.com\/es\/product-photos\/\">aqu\u00ed<\/a> c\u00f3mo Mallorca Graphics puede ayudarle  <\/p>\n","protected":false},"excerpt":{"rendered":"<p>\u00bfAlguna vez te has paseado por Instagram y te has preguntado c\u00f3mo es posible que las fotos de 4.700 millones de usuarios activos de las redes sociales sean tan perfectas? Las redes sociales han arrasado en todo el mundo, pero \u00bfcu\u00e1l es la clave del \u00e9xito? \u00bfEs la fotograf\u00eda en las redes sociales? La fotograf\u00eda [&hellip;]<\/p>\n","protected":false},"author":1,"featured_media":987516973,"comment_status":"open","ping_status":"open","sticky":false,"template":"","format":"standard","meta":{"iawp_total_views":2,"footnotes":""},"categories":[49,46],"tags":[],"class_list":["post-987517036","post","type-post","status-publish","format-standard","has-post-thumbnail","hentry","category-fototagrofia-y-video","category-redes-sociales"],"yoast_head":"<!-- This site is optimized with the Yoast SEO Premium plugin v27.5 (Yoast SEO v27.5) - https:\/\/yoast.com\/product\/yoast-seo-premium-wordpress\/ -->\n<title>Beneficios de la fotograf\u00eda en las redes sociales<\/title>\n<meta name=\"description\" content=\"\u00bfCu\u00e1les son los beneficios de la fotograf\u00eda en las redes sociales? Para las empresas, hay un mont\u00f3n de oportunidades para construir una presencia online. Asimismo...\" \/>\n<meta name=\"robots\" content=\"index, follow, max-snippet:-1, max-image-preview:large, max-video-preview:-1\" \/>\n<link rel=\"canonical\" href=\"https:\/\/mallorcagraphics.com\/es\/blog\/beneficios-de-la-fotografia-en-las-redes-sociales\/\" \/>\n<meta property=\"og:locale\" content=\"es_ES\" \/>\n<meta property=\"og:type\" content=\"article\" \/>\n<meta property=\"og:title\" content=\"Beneficios de la fotograf\u00eda en las redes sociales\" \/>\n<meta property=\"og:description\" content=\"\u00bfCu\u00e1les son los beneficios de la fotograf\u00eda en las redes sociales? Para las empresas, hay un mont\u00f3n de oportunidades para construir una presencia online. Asimismo...\" \/>\n<meta property=\"og:url\" content=\"https:\/\/mallorcagraphics.com\/es\/blog\/beneficios-de-la-fotografia-en-las-redes-sociales\/\" \/>\n<meta property=\"og:site_name\" content=\"Mallorca Graphics\" \/>\n<meta property=\"article:publisher\" content=\"https:\/\/www.facebook.com\/MallorcaGraphics\" \/>\n<meta property=\"article:published_time\" content=\"2023-03-10T15:43:49+00:00\" \/>\n<meta property=\"og:image\" content=\"https:\/\/mallorcagraphics.com\/wp-content\/uploads\/2023\/01\/12.jpg\" \/>\n\t<meta property=\"og:image:width\" content=\"900\" \/>\n\t<meta property=\"og:image:height\" content=\"600\" \/>\n\t<meta property=\"og:image:type\" content=\"image\/jpeg\" \/>\n<meta name=\"author\" content=\"Mallorca Graphics\" \/>\n<meta name=\"twitter:card\" content=\"summary_large_image\" \/>\n<meta name=\"twitter:label1\" content=\"Escrito por\" \/>\n\t<meta name=\"twitter:data1\" content=\"Mallorca Graphics\" \/>\n\t<meta name=\"twitter:label2\" content=\"Tiempo de lectura\" \/>\n\t<meta name=\"twitter:data2\" content=\"3 minutos\" \/>\n<script type=\"application\/ld+json\" class=\"yoast-schema-graph\">{\"@context\":\"https:\\\/\\\/schema.org\",\"@graph\":[{\"@type\":\"Article\",\"@id\":\"https:\\\/\\\/mallorcagraphics.com\\\/es\\\/blog\\\/beneficios-de-la-fotografia-en-las-redes-sociales\\\/#article\",\"isPartOf\":{\"@id\":\"https:\\\/\\\/mallorcagraphics.com\\\/es\\\/blog\\\/beneficios-de-la-fotografia-en-las-redes-sociales\\\/\"},\"author\":{\"name\":\"Mallorca Graphics\",\"@id\":\"https:\\\/\\\/mallorcagraphics.com\\\/es\\\/#\\\/schema\\\/person\\\/52c9968b2c5077929df1218c7a7d17fa\"},\"headline\":\"Beneficios de la fotograf\u00eda en las redes sociales\",\"datePublished\":\"2023-03-10T15:43:49+00:00\",\"mainEntityOfPage\":{\"@id\":\"https:\\\/\\\/mallorcagraphics.com\\\/es\\\/blog\\\/beneficios-de-la-fotografia-en-las-redes-sociales\\\/\"},\"wordCount\":667,\"commentCount\":0,\"publisher\":{\"@id\":\"https:\\\/\\\/mallorcagraphics.com\\\/es\\\/#organization\"},\"image\":{\"@id\":\"https:\\\/\\\/mallorcagraphics.com\\\/es\\\/blog\\\/beneficios-de-la-fotografia-en-las-redes-sociales\\\/#primaryimage\"},\"thumbnailUrl\":\"https:\\\/\\\/mallorcagraphics.com\\\/wp-content\\\/uploads\\\/2023\\\/01\\\/12.jpg\",\"articleSection\":[\"Fototagrof\u00eda y v\u00eddeo\",\"Redes sociales\"],\"inLanguage\":\"es\",\"potentialAction\":[{\"@type\":\"CommentAction\",\"name\":\"Comment\",\"target\":[\"https:\\\/\\\/mallorcagraphics.com\\\/es\\\/blog\\\/beneficios-de-la-fotografia-en-las-redes-sociales\\\/#respond\"]}]},{\"@type\":\"WebPage\",\"@id\":\"https:\\\/\\\/mallorcagraphics.com\\\/es\\\/blog\\\/beneficios-de-la-fotografia-en-las-redes-sociales\\\/\",\"url\":\"https:\\\/\\\/mallorcagraphics.com\\\/es\\\/blog\\\/beneficios-de-la-fotografia-en-las-redes-sociales\\\/\",\"name\":\"Beneficios de la fotograf\u00eda en las redes sociales\",\"isPartOf\":{\"@id\":\"https:\\\/\\\/mallorcagraphics.com\\\/es\\\/#website\"},\"primaryImageOfPage\":{\"@id\":\"https:\\\/\\\/mallorcagraphics.com\\\/es\\\/blog\\\/beneficios-de-la-fotografia-en-las-redes-sociales\\\/#primaryimage\"},\"image\":{\"@id\":\"https:\\\/\\\/mallorcagraphics.com\\\/es\\\/blog\\\/beneficios-de-la-fotografia-en-las-redes-sociales\\\/#primaryimage\"},\"thumbnailUrl\":\"https:\\\/\\\/mallorcagraphics.com\\\/wp-content\\\/uploads\\\/2023\\\/01\\\/12.jpg\",\"datePublished\":\"2023-03-10T15:43:49+00:00\",\"description\":\"\u00bfCu\u00e1les son los beneficios de la fotograf\u00eda en las redes sociales? Para las empresas, hay un mont\u00f3n de oportunidades para construir una presencia online. Asimismo...\",\"breadcrumb\":{\"@id\":\"https:\\\/\\\/mallorcagraphics.com\\\/es\\\/blog\\\/beneficios-de-la-fotografia-en-las-redes-sociales\\\/#breadcrumb\"},\"inLanguage\":\"es\",\"potentialAction\":[{\"@type\":\"ReadAction\",\"target\":[\"https:\\\/\\\/mallorcagraphics.com\\\/es\\\/blog\\\/beneficios-de-la-fotografia-en-las-redes-sociales\\\/\"]}]},{\"@type\":\"ImageObject\",\"inLanguage\":\"es\",\"@id\":\"https:\\\/\\\/mallorcagraphics.com\\\/es\\\/blog\\\/beneficios-de-la-fotografia-en-las-redes-sociales\\\/#primaryimage\",\"url\":\"https:\\\/\\\/mallorcagraphics.com\\\/wp-content\\\/uploads\\\/2023\\\/01\\\/12.jpg\",\"contentUrl\":\"https:\\\/\\\/mallorcagraphics.com\\\/wp-content\\\/uploads\\\/2023\\\/01\\\/12.jpg\",\"width\":900,\"height\":600,\"caption\":\"Fotograf\u00eda en redes sociales\"},{\"@type\":\"BreadcrumbList\",\"@id\":\"https:\\\/\\\/mallorcagraphics.com\\\/es\\\/blog\\\/beneficios-de-la-fotografia-en-las-redes-sociales\\\/#breadcrumb\",\"itemListElement\":[{\"@type\":\"ListItem\",\"position\":1,\"name\":\"Home\",\"item\":\"https:\\\/\\\/mallorcagraphics.com\\\/es\\\/\"},{\"@type\":\"ListItem\",\"position\":2,\"name\":\"Beneficios de la fotograf\u00eda en las redes sociales\"}]},{\"@type\":\"WebSite\",\"@id\":\"https:\\\/\\\/mallorcagraphics.com\\\/es\\\/#website\",\"url\":\"https:\\\/\\\/mallorcagraphics.com\\\/es\\\/\",\"name\":\"Mallorca Graphics\",\"description\":\"\",\"publisher\":{\"@id\":\"https:\\\/\\\/mallorcagraphics.com\\\/es\\\/#organization\"},\"potentialAction\":[{\"@type\":\"SearchAction\",\"target\":{\"@type\":\"EntryPoint\",\"urlTemplate\":\"https:\\\/\\\/mallorcagraphics.com\\\/es\\\/?s={search_term_string}\"},\"query-input\":{\"@type\":\"PropertyValueSpecification\",\"valueRequired\":true,\"valueName\":\"search_term_string\"}}],\"inLanguage\":\"es\"},{\"@type\":\"Organization\",\"@id\":\"https:\\\/\\\/mallorcagraphics.com\\\/es\\\/#organization\",\"name\":\"Mallorca Graphics\",\"url\":\"https:\\\/\\\/mallorcagraphics.com\\\/es\\\/\",\"logo\":{\"@type\":\"ImageObject\",\"inLanguage\":\"es\",\"@id\":\"https:\\\/\\\/mallorcagraphics.com\\\/es\\\/#\\\/schema\\\/logo\\\/image\\\/\",\"url\":\"https:\\\/\\\/mallorcagraphics.com\\\/wp-content\\\/uploads\\\/2026\\\/01\\\/Logo_header_200px.png\",\"contentUrl\":\"https:\\\/\\\/mallorcagraphics.com\\\/wp-content\\\/uploads\\\/2026\\\/01\\\/Logo_header_200px.png\",\"width\":200,\"height\":61,\"caption\":\"Mallorca Graphics\"},\"image\":{\"@id\":\"https:\\\/\\\/mallorcagraphics.com\\\/es\\\/#\\\/schema\\\/logo\\\/image\\\/\"},\"sameAs\":[\"https:\\\/\\\/www.facebook.com\\\/MallorcaGraphics\",\"https:\\\/\\\/www.linkedin.com\\\/company\\\/mallorca-graphics\\\/\",\"https:\\\/\\\/www.instagram.com\\\/mallorca.graphics\\\/\",\"https:\\\/\\\/www.youtube.com\\\/@Mallorca.Graphics\\\/\"]},{\"@type\":\"Person\",\"@id\":\"https:\\\/\\\/mallorcagraphics.com\\\/es\\\/#\\\/schema\\\/person\\\/52c9968b2c5077929df1218c7a7d17fa\",\"name\":\"Mallorca Graphics\",\"image\":{\"@type\":\"ImageObject\",\"inLanguage\":\"es\",\"@id\":\"https:\\\/\\\/secure.gravatar.com\\\/avatar\\\/e42fd41bbd15ce9169bafd9a4a547dc85d26eb397c3a9c825cd9face8805b660?s=96&d=mm&r=g\",\"url\":\"https:\\\/\\\/secure.gravatar.com\\\/avatar\\\/e42fd41bbd15ce9169bafd9a4a547dc85d26eb397c3a9c825cd9face8805b660?s=96&d=mm&r=g\",\"contentUrl\":\"https:\\\/\\\/secure.gravatar.com\\\/avatar\\\/e42fd41bbd15ce9169bafd9a4a547dc85d26eb397c3a9c825cd9face8805b660?s=96&d=mm&r=g\",\"caption\":\"Mallorca Graphics\"},\"sameAs\":[\"https:\\\/\\\/mallorcagraphics.com\"],\"url\":\"https:\\\/\\\/mallorcagraphics.com\\\/es\\\/blog\\\/author\\\/pedro-alvarez\\\/\"}]}<\/script>\n<!-- \/ Yoast SEO Premium plugin. -->","yoast_head_json":{"title":"Beneficios de la fotograf\u00eda en las redes sociales","description":"\u00bfCu\u00e1les son los beneficios de la fotograf\u00eda en las redes sociales? Para las empresas, hay un mont\u00f3n de oportunidades para construir una presencia online. Asimismo...","robots":{"index":"index","follow":"follow","max-snippet":"max-snippet:-1","max-image-preview":"max-image-preview:large","max-video-preview":"max-video-preview:-1"},"canonical":"https:\/\/mallorcagraphics.com\/es\/blog\/beneficios-de-la-fotografia-en-las-redes-sociales\/","og_locale":"es_ES","og_type":"article","og_title":"Beneficios de la fotograf\u00eda en las redes sociales","og_description":"\u00bfCu\u00e1les son los beneficios de la fotograf\u00eda en las redes sociales? Para las empresas, hay un mont\u00f3n de oportunidades para construir una presencia online. Asimismo...","og_url":"https:\/\/mallorcagraphics.com\/es\/blog\/beneficios-de-la-fotografia-en-las-redes-sociales\/","og_site_name":"Mallorca Graphics","article_publisher":"https:\/\/www.facebook.com\/MallorcaGraphics","article_published_time":"2023-03-10T15:43:49+00:00","og_image":[{"width":900,"height":600,"url":"https:\/\/mallorcagraphics.com\/wp-content\/uploads\/2023\/01\/12.jpg","type":"image\/jpeg"}],"author":"Mallorca Graphics","twitter_card":"summary_large_image","twitter_misc":{"Escrito por":"Mallorca Graphics","Tiempo de lectura":"3 minutos"},"schema":{"@context":"https:\/\/schema.org","@graph":[{"@type":"Article","@id":"https:\/\/mallorcagraphics.com\/es\/blog\/beneficios-de-la-fotografia-en-las-redes-sociales\/#article","isPartOf":{"@id":"https:\/\/mallorcagraphics.com\/es\/blog\/beneficios-de-la-fotografia-en-las-redes-sociales\/"},"author":{"name":"Mallorca Graphics","@id":"https:\/\/mallorcagraphics.com\/es\/#\/schema\/person\/52c9968b2c5077929df1218c7a7d17fa"},"headline":"Beneficios de la fotograf\u00eda en las redes sociales","datePublished":"2023-03-10T15:43:49+00:00","mainEntityOfPage":{"@id":"https:\/\/mallorcagraphics.com\/es\/blog\/beneficios-de-la-fotografia-en-las-redes-sociales\/"},"wordCount":667,"commentCount":0,"publisher":{"@id":"https:\/\/mallorcagraphics.com\/es\/#organization"},"image":{"@id":"https:\/\/mallorcagraphics.com\/es\/blog\/beneficios-de-la-fotografia-en-las-redes-sociales\/#primaryimage"},"thumbnailUrl":"https:\/\/mallorcagraphics.com\/wp-content\/uploads\/2023\/01\/12.jpg","articleSection":["Fototagrof\u00eda y v\u00eddeo","Redes sociales"],"inLanguage":"es","potentialAction":[{"@type":"CommentAction","name":"Comment","target":["https:\/\/mallorcagraphics.com\/es\/blog\/beneficios-de-la-fotografia-en-las-redes-sociales\/#respond"]}]},{"@type":"WebPage","@id":"https:\/\/mallorcagraphics.com\/es\/blog\/beneficios-de-la-fotografia-en-las-redes-sociales\/","url":"https:\/\/mallorcagraphics.com\/es\/blog\/beneficios-de-la-fotografia-en-las-redes-sociales\/","name":"Beneficios de la fotograf\u00eda en las redes sociales","isPartOf":{"@id":"https:\/\/mallorcagraphics.com\/es\/#website"},"primaryImageOfPage":{"@id":"https:\/\/mallorcagraphics.com\/es\/blog\/beneficios-de-la-fotografia-en-las-redes-sociales\/#primaryimage"},"image":{"@id":"https:\/\/mallorcagraphics.com\/es\/blog\/beneficios-de-la-fotografia-en-las-redes-sociales\/#primaryimage"},"thumbnailUrl":"https:\/\/mallorcagraphics.com\/wp-content\/uploads\/2023\/01\/12.jpg","datePublished":"2023-03-10T15:43:49+00:00","description":"\u00bfCu\u00e1les son los beneficios de la fotograf\u00eda en las redes sociales? Para las empresas, hay un mont\u00f3n de oportunidades para construir una presencia online. Asimismo...","breadcrumb":{"@id":"https:\/\/mallorcagraphics.com\/es\/blog\/beneficios-de-la-fotografia-en-las-redes-sociales\/#breadcrumb"},"inLanguage":"es","potentialAction":[{"@type":"ReadAction","target":["https:\/\/mallorcagraphics.com\/es\/blog\/beneficios-de-la-fotografia-en-las-redes-sociales\/"]}]},{"@type":"ImageObject","inLanguage":"es","@id":"https:\/\/mallorcagraphics.com\/es\/blog\/beneficios-de-la-fotografia-en-las-redes-sociales\/#primaryimage","url":"https:\/\/mallorcagraphics.com\/wp-content\/uploads\/2023\/01\/12.jpg","contentUrl":"https:\/\/mallorcagraphics.com\/wp-content\/uploads\/2023\/01\/12.jpg","width":900,"height":600,"caption":"Fotograf\u00eda en redes sociales"},{"@type":"BreadcrumbList","@id":"https:\/\/mallorcagraphics.com\/es\/blog\/beneficios-de-la-fotografia-en-las-redes-sociales\/#breadcrumb","itemListElement":[{"@type":"ListItem","position":1,"name":"Home","item":"https:\/\/mallorcagraphics.com\/es\/"},{"@type":"ListItem","position":2,"name":"Beneficios de la fotograf\u00eda en las redes sociales"}]},{"@type":"WebSite","@id":"https:\/\/mallorcagraphics.com\/es\/#website","url":"https:\/\/mallorcagraphics.com\/es\/","name":"Mallorca Graphics","description":"","publisher":{"@id":"https:\/\/mallorcagraphics.com\/es\/#organization"},"potentialAction":[{"@type":"SearchAction","target":{"@type":"EntryPoint","urlTemplate":"https:\/\/mallorcagraphics.com\/es\/?s={search_term_string}"},"query-input":{"@type":"PropertyValueSpecification","valueRequired":true,"valueName":"search_term_string"}}],"inLanguage":"es"},{"@type":"Organization","@id":"https:\/\/mallorcagraphics.com\/es\/#organization","name":"Mallorca Graphics","url":"https:\/\/mallorcagraphics.com\/es\/","logo":{"@type":"ImageObject","inLanguage":"es","@id":"https:\/\/mallorcagraphics.com\/es\/#\/schema\/logo\/image\/","url":"https:\/\/mallorcagraphics.com\/wp-content\/uploads\/2026\/01\/Logo_header_200px.png","contentUrl":"https:\/\/mallorcagraphics.com\/wp-content\/uploads\/2026\/01\/Logo_header_200px.png","width":200,"height":61,"caption":"Mallorca Graphics"},"image":{"@id":"https:\/\/mallorcagraphics.com\/es\/#\/schema\/logo\/image\/"},"sameAs":["https:\/\/www.facebook.com\/MallorcaGraphics","https:\/\/www.linkedin.com\/company\/mallorca-graphics\/","https:\/\/www.instagram.com\/mallorca.graphics\/","https:\/\/www.youtube.com\/@Mallorca.Graphics\/"]},{"@type":"Person","@id":"https:\/\/mallorcagraphics.com\/es\/#\/schema\/person\/52c9968b2c5077929df1218c7a7d17fa","name":"Mallorca Graphics","image":{"@type":"ImageObject","inLanguage":"es","@id":"https:\/\/secure.gravatar.com\/avatar\/e42fd41bbd15ce9169bafd9a4a547dc85d26eb397c3a9c825cd9face8805b660?s=96&d=mm&r=g","url":"https:\/\/secure.gravatar.com\/avatar\/e42fd41bbd15ce9169bafd9a4a547dc85d26eb397c3a9c825cd9face8805b660?s=96&d=mm&r=g","contentUrl":"https:\/\/secure.gravatar.com\/avatar\/e42fd41bbd15ce9169bafd9a4a547dc85d26eb397c3a9c825cd9face8805b660?s=96&d=mm&r=g","caption":"Mallorca Graphics"},"sameAs":["https:\/\/mallorcagraphics.com"],"url":"https:\/\/mallorcagraphics.com\/es\/blog\/author\/pedro-alvarez\/"}]}},"_links":{"self":[{"href":"https:\/\/mallorcagraphics.com\/es\/wp-json\/wp\/v2\/posts\/987517036","targetHints":{"allow":["GET"]}}],"collection":[{"href":"https:\/\/mallorcagraphics.com\/es\/wp-json\/wp\/v2\/posts"}],"about":[{"href":"https:\/\/mallorcagraphics.com\/es\/wp-json\/wp\/v2\/types\/post"}],"author":[{"embeddable":true,"href":"https:\/\/mallorcagraphics.com\/es\/wp-json\/wp\/v2\/users\/1"}],"replies":[{"embeddable":true,"href":"https:\/\/mallorcagraphics.com\/es\/wp-json\/wp\/v2\/comments?post=987517036"}],"version-history":[{"count":0,"href":"https:\/\/mallorcagraphics.com\/es\/wp-json\/wp\/v2\/posts\/987517036\/revisions"}],"wp:featuredmedia":[{"embeddable":true,"href":"https:\/\/mallorcagraphics.com\/es\/wp-json\/wp\/v2\/media\/987516973"}],"wp:attachment":[{"href":"https:\/\/mallorcagraphics.com\/es\/wp-json\/wp\/v2\/media?parent=987517036"}],"wp:term":[{"taxonomy":"category","embeddable":true,"href":"https:\/\/mallorcagraphics.com\/es\/wp-json\/wp\/v2\/categories?post=987517036"},{"taxonomy":"post_tag","embeddable":true,"href":"https:\/\/mallorcagraphics.com\/es\/wp-json\/wp\/v2\/tags?post=987517036"}],"curies":[{"name":"wp","href":"https:\/\/api.w.org\/{rel}","templated":true}]}}