{"id":987517027,"date":"2022-06-25T10:17:08","date_gmt":"2022-06-25T10:17:08","guid":{"rendered":"https:\/\/mallorcagraphics.com\/blog\/cuando-debe-decir-no-a-un-cliente\/"},"modified":"2022-06-25T10:17:08","modified_gmt":"2022-06-25T10:17:08","slug":"cuando-debe-decir-no-a-un-cliente","status":"publish","type":"post","link":"https:\/\/mallorcagraphics.com\/es\/blog\/cuando-debe-decir-no-a-un-cliente\/","title":{"rendered":"\u00bfCu\u00e1ndo debe decir no a un cliente?"},"content":{"rendered":"<h2><span data-preserver-spaces=\"true\"><strong>S\u00cd<\/strong>, a veces es mejor decir que no a un cliente.<\/span><\/h2>\n<p><span data-preserver-spaces=\"true\">No puedo hablar por todas las profesiones; hablo desde mi punto de vista, el desarrollo web y el dise\u00f1o gr\u00e1fico. Todos hemos tenido esta sensaci\u00f3n: \u00ab\u00bfFuncionar\u00e1 esto?\u00bb. \u00ab\u00bfsupondr\u00e1 un problema?\u00bb \u00bfDebo decir que no a un cliente? La respuesta es un GRAN s\u00ed. Hay trabajos que es mejor no aceptar. Algunos dir\u00e1n que nunca debes decir que no a un cliente. Me temo que no estoy de acuerdo.     <\/span><\/p>\n<h3><span data-preserver-spaces=\"true\">\u00bfCu\u00e1ndo hay que decir que no?<\/span><\/h3>\n<p><span data-preserver-spaces=\"true\">Por supuesto, usted tiene la raz\u00f3n m\u00e1s importante en el tiempo. Si usted siente que no puede tenerlo listo a tiempo, siempre debe ser no. El cliente nunca debe sufrir por su ego para conseguir lo m\u00e1ximo posible. Lo mejor ser\u00eda hablar con el cliente para saber los plazos y si hay obligaciones concretas.   <\/span> <span data-preserver-spaces=\"true\">Otra raz\u00f3n es el nivel de trabajo. Nadie lo sabe todo, aunque algunos crean que s\u00ed. As\u00ed que si crees que est\u00e1 por encima de tu nivel, di que no. Puede que el cliente vuelva m\u00e1s tarde con otra cosa. Pero seguro que no volver\u00e1n si dices que s\u00ed y luego no consigues terminarlo como se supone que debe ser.    <\/span><\/p>\n<h3><span data-preserver-spaces=\"true\">\u00bfEl precio tiene algo que ver con un S\u00cd o un NO a un cliente?<\/span><\/h3>\n<p><strong>S\u00ed, por supuesto.  <\/strong><span data-preserver-spaces=\"true\">Dependiendo de su negocio y flujo de trabajo, puede ser un reto decir que no a un cliente. As\u00ed pensamos y actuamos cuando tratamos con clientes. <\/span> <span data-preserver-spaces=\"true\">Para empezar, el cliente no debe fijar el precio. El cliente acude a nosotros en busca de ayuda experta. Eso significa que no son conscientes del tiempo que se necesita. Se trata de un negocio, el comprador quiere pagar lo menos posible, y t\u00fa quieres cobrar lo m\u00e1ximo posible. Aunque creas que el cliente no lo sabe, NUNCA debes sobrevalorar el precio; no permanecer\u00edas mucho tiempo en este negocio si lo hicieras.    <\/span> <span data-preserver-spaces=\"true\">Tenemos en los m\u00e1s de 10 a\u00f1os que he trabajado con esto, nunca hemos negociado un precio que hemos dado. Hemos ofrecido dividir el pago en alg\u00fan momento, pero nunca hemos bajado el precio. En algunos casos, hemos ofrecido un mejor precio en el segundo y tercer trabajo de los mismos clientes. Pero esto siempre ha dependido de nosotros.   <\/span> <span data-preserver-spaces=\"true\">Nota: Esta es mi experiencia, y todas las empresas son diferentes. Por supuesto, debe hacer lo que considere adecuado para su empresa.   <\/span><\/p>\n","protected":false},"excerpt":{"rendered":"<p>S\u00cd, a veces es mejor decir que no a un cliente. No puedo hablar por todas las profesiones; hablo desde mi punto de vista, el desarrollo web y el dise\u00f1o gr\u00e1fico. Todos hemos tenido esta sensaci\u00f3n: \u00ab\u00bfFuncionar\u00e1 esto?\u00bb. \u00ab\u00bfsupondr\u00e1 un problema?\u00bb \u00bfDebo decir que no a un cliente? La respuesta es un GRAN s\u00ed. Hay [&hellip;]<\/p>\n","protected":false},"author":1,"featured_media":987516967,"comment_status":"open","ping_status":"open","sticky":false,"template":"","format":"standard","meta":{"iawp_total_views":1,"footnotes":""},"categories":[48],"tags":[],"class_list":["post-987517027","post","type-post","status-publish","format-standard","has-post-thumbnail","hentry","category-servicios"],"yoast_head":"<!-- This site is optimized with the Yoast SEO Premium plugin v27.5 (Yoast SEO v27.5) - https:\/\/yoast.com\/product\/yoast-seo-premium-wordpress\/ -->\n<title>\u00bfCu\u00e1ndo debe decir no a un cliente? - Mallorca Graphics<\/title>\n<meta name=\"description\" content=\"S\u00cd, a veces es mejor decir que no a un cliente. No puedo hablar por todas las profesiones; hablo desde mi punto de vista, desarrollo web y dise\u00f1o gr\u00e1fico.\" \/>\n<meta name=\"robots\" content=\"index, follow, max-snippet:-1, max-image-preview:large, max-video-preview:-1\" \/>\n<link rel=\"canonical\" href=\"https:\/\/mallorcagraphics.com\/es\/blog\/cuando-debe-decir-no-a-un-cliente\/\" \/>\n<meta property=\"og:locale\" content=\"es_ES\" \/>\n<meta property=\"og:type\" content=\"article\" \/>\n<meta property=\"og:title\" content=\"\u00bfCu\u00e1ndo debe decir no a un cliente?\" \/>\n<meta property=\"og:description\" content=\"S\u00cd, a veces es mejor decir que no a un cliente. No puedo hablar por todas las profesiones; hablo desde mi punto de vista, desarrollo web y dise\u00f1o gr\u00e1fico.\" \/>\n<meta property=\"og:url\" content=\"https:\/\/mallorcagraphics.com\/es\/blog\/cuando-debe-decir-no-a-un-cliente\/\" \/>\n<meta property=\"og:site_name\" content=\"Mallorca Graphics\" \/>\n<meta property=\"article:publisher\" content=\"https:\/\/www.facebook.com\/MallorcaGraphics\" \/>\n<meta property=\"article:published_time\" content=\"2022-06-25T10:17:08+00:00\" \/>\n<meta property=\"og:image\" content=\"https:\/\/mallorcagraphics.com\/wp-content\/uploads\/2022\/12\/10.jpg\" \/>\n\t<meta property=\"og:image:width\" content=\"900\" \/>\n\t<meta property=\"og:image:height\" content=\"600\" \/>\n\t<meta property=\"og:image:type\" content=\"image\/jpeg\" \/>\n<meta name=\"author\" content=\"Mallorca Graphics\" \/>\n<meta name=\"twitter:card\" content=\"summary_large_image\" \/>\n<meta name=\"twitter:label1\" content=\"Escrito por\" \/>\n\t<meta name=\"twitter:data1\" content=\"Mallorca Graphics\" \/>\n\t<meta name=\"twitter:label2\" content=\"Tiempo de lectura\" \/>\n\t<meta name=\"twitter:data2\" content=\"2 minutos\" \/>\n<script type=\"application\/ld+json\" class=\"yoast-schema-graph\">{\"@context\":\"https:\\\/\\\/schema.org\",\"@graph\":[{\"@type\":\"Article\",\"@id\":\"https:\\\/\\\/mallorcagraphics.com\\\/es\\\/blog\\\/cuando-debe-decir-no-a-un-cliente\\\/#article\",\"isPartOf\":{\"@id\":\"https:\\\/\\\/mallorcagraphics.com\\\/es\\\/blog\\\/cuando-debe-decir-no-a-un-cliente\\\/\"},\"author\":{\"name\":\"Mallorca Graphics\",\"@id\":\"https:\\\/\\\/mallorcagraphics.com\\\/es\\\/#\\\/schema\\\/person\\\/52c9968b2c5077929df1218c7a7d17fa\"},\"headline\":\"\u00bfCu\u00e1ndo debe decir no a un cliente?\",\"datePublished\":\"2022-06-25T10:17:08+00:00\",\"mainEntityOfPage\":{\"@id\":\"https:\\\/\\\/mallorcagraphics.com\\\/es\\\/blog\\\/cuando-debe-decir-no-a-un-cliente\\\/\"},\"wordCount\":420,\"commentCount\":0,\"publisher\":{\"@id\":\"https:\\\/\\\/mallorcagraphics.com\\\/es\\\/#organization\"},\"image\":{\"@id\":\"https:\\\/\\\/mallorcagraphics.com\\\/es\\\/blog\\\/cuando-debe-decir-no-a-un-cliente\\\/#primaryimage\"},\"thumbnailUrl\":\"https:\\\/\\\/mallorcagraphics.com\\\/wp-content\\\/uploads\\\/2022\\\/12\\\/10.jpg\",\"articleSection\":[\"Servicios\"],\"inLanguage\":\"es\",\"potentialAction\":[{\"@type\":\"CommentAction\",\"name\":\"Comment\",\"target\":[\"https:\\\/\\\/mallorcagraphics.com\\\/es\\\/blog\\\/cuando-debe-decir-no-a-un-cliente\\\/#respond\"]}]},{\"@type\":\"WebPage\",\"@id\":\"https:\\\/\\\/mallorcagraphics.com\\\/es\\\/blog\\\/cuando-debe-decir-no-a-un-cliente\\\/\",\"url\":\"https:\\\/\\\/mallorcagraphics.com\\\/es\\\/blog\\\/cuando-debe-decir-no-a-un-cliente\\\/\",\"name\":\"\u00bfCu\u00e1ndo debe decir no a un cliente? - Mallorca Graphics\",\"isPartOf\":{\"@id\":\"https:\\\/\\\/mallorcagraphics.com\\\/es\\\/#website\"},\"primaryImageOfPage\":{\"@id\":\"https:\\\/\\\/mallorcagraphics.com\\\/es\\\/blog\\\/cuando-debe-decir-no-a-un-cliente\\\/#primaryimage\"},\"image\":{\"@id\":\"https:\\\/\\\/mallorcagraphics.com\\\/es\\\/blog\\\/cuando-debe-decir-no-a-un-cliente\\\/#primaryimage\"},\"thumbnailUrl\":\"https:\\\/\\\/mallorcagraphics.com\\\/wp-content\\\/uploads\\\/2022\\\/12\\\/10.jpg\",\"datePublished\":\"2022-06-25T10:17:08+00:00\",\"description\":\"S\u00cd, a veces es mejor decir que no a un cliente. No puedo hablar por todas las profesiones; hablo desde mi punto de vista, desarrollo web y dise\u00f1o gr\u00e1fico.\",\"breadcrumb\":{\"@id\":\"https:\\\/\\\/mallorcagraphics.com\\\/es\\\/blog\\\/cuando-debe-decir-no-a-un-cliente\\\/#breadcrumb\"},\"inLanguage\":\"es\",\"potentialAction\":[{\"@type\":\"ReadAction\",\"target\":[\"https:\\\/\\\/mallorcagraphics.com\\\/es\\\/blog\\\/cuando-debe-decir-no-a-un-cliente\\\/\"]}]},{\"@type\":\"ImageObject\",\"inLanguage\":\"es\",\"@id\":\"https:\\\/\\\/mallorcagraphics.com\\\/es\\\/blog\\\/cuando-debe-decir-no-a-un-cliente\\\/#primaryimage\",\"url\":\"https:\\\/\\\/mallorcagraphics.com\\\/wp-content\\\/uploads\\\/2022\\\/12\\\/10.jpg\",\"contentUrl\":\"https:\\\/\\\/mallorcagraphics.com\\\/wp-content\\\/uploads\\\/2022\\\/12\\\/10.jpg\",\"width\":900,\"height\":600,\"caption\":\"no a un cliente\"},{\"@type\":\"BreadcrumbList\",\"@id\":\"https:\\\/\\\/mallorcagraphics.com\\\/es\\\/blog\\\/cuando-debe-decir-no-a-un-cliente\\\/#breadcrumb\",\"itemListElement\":[{\"@type\":\"ListItem\",\"position\":1,\"name\":\"Home\",\"item\":\"https:\\\/\\\/mallorcagraphics.com\\\/es\\\/\"},{\"@type\":\"ListItem\",\"position\":2,\"name\":\"\u00bfCu\u00e1ndo debe decir no a un cliente?\"}]},{\"@type\":\"WebSite\",\"@id\":\"https:\\\/\\\/mallorcagraphics.com\\\/es\\\/#website\",\"url\":\"https:\\\/\\\/mallorcagraphics.com\\\/es\\\/\",\"name\":\"Mallorca Graphics\",\"description\":\"\",\"publisher\":{\"@id\":\"https:\\\/\\\/mallorcagraphics.com\\\/es\\\/#organization\"},\"potentialAction\":[{\"@type\":\"SearchAction\",\"target\":{\"@type\":\"EntryPoint\",\"urlTemplate\":\"https:\\\/\\\/mallorcagraphics.com\\\/es\\\/?s={search_term_string}\"},\"query-input\":{\"@type\":\"PropertyValueSpecification\",\"valueRequired\":true,\"valueName\":\"search_term_string\"}}],\"inLanguage\":\"es\"},{\"@type\":\"Organization\",\"@id\":\"https:\\\/\\\/mallorcagraphics.com\\\/es\\\/#organization\",\"name\":\"Mallorca Graphics\",\"url\":\"https:\\\/\\\/mallorcagraphics.com\\\/es\\\/\",\"logo\":{\"@type\":\"ImageObject\",\"inLanguage\":\"es\",\"@id\":\"https:\\\/\\\/mallorcagraphics.com\\\/es\\\/#\\\/schema\\\/logo\\\/image\\\/\",\"url\":\"https:\\\/\\\/mallorcagraphics.com\\\/wp-content\\\/uploads\\\/2026\\\/01\\\/Logo_header_200px.png\",\"contentUrl\":\"https:\\\/\\\/mallorcagraphics.com\\\/wp-content\\\/uploads\\\/2026\\\/01\\\/Logo_header_200px.png\",\"width\":200,\"height\":61,\"caption\":\"Mallorca Graphics\"},\"image\":{\"@id\":\"https:\\\/\\\/mallorcagraphics.com\\\/es\\\/#\\\/schema\\\/logo\\\/image\\\/\"},\"sameAs\":[\"https:\\\/\\\/www.facebook.com\\\/MallorcaGraphics\",\"https:\\\/\\\/www.linkedin.com\\\/company\\\/mallorca-graphics\\\/\",\"https:\\\/\\\/www.instagram.com\\\/mallorca.graphics\\\/\",\"https:\\\/\\\/www.youtube.com\\\/@Mallorca.Graphics\\\/\"]},{\"@type\":\"Person\",\"@id\":\"https:\\\/\\\/mallorcagraphics.com\\\/es\\\/#\\\/schema\\\/person\\\/52c9968b2c5077929df1218c7a7d17fa\",\"name\":\"Mallorca Graphics\",\"image\":{\"@type\":\"ImageObject\",\"inLanguage\":\"es\",\"@id\":\"https:\\\/\\\/secure.gravatar.com\\\/avatar\\\/e42fd41bbd15ce9169bafd9a4a547dc85d26eb397c3a9c825cd9face8805b660?s=96&d=mm&r=g\",\"url\":\"https:\\\/\\\/secure.gravatar.com\\\/avatar\\\/e42fd41bbd15ce9169bafd9a4a547dc85d26eb397c3a9c825cd9face8805b660?s=96&d=mm&r=g\",\"contentUrl\":\"https:\\\/\\\/secure.gravatar.com\\\/avatar\\\/e42fd41bbd15ce9169bafd9a4a547dc85d26eb397c3a9c825cd9face8805b660?s=96&d=mm&r=g\",\"caption\":\"Mallorca Graphics\"},\"sameAs\":[\"https:\\\/\\\/mallorcagraphics.com\"],\"url\":\"https:\\\/\\\/mallorcagraphics.com\\\/es\\\/blog\\\/author\\\/pedro-alvarez\\\/\"}]}<\/script>\n<!-- \/ Yoast SEO Premium plugin. -->","yoast_head_json":{"title":"\u00bfCu\u00e1ndo debe decir no a un cliente? - Mallorca Graphics","description":"S\u00cd, a veces es mejor decir que no a un cliente. No puedo hablar por todas las profesiones; hablo desde mi punto de vista, desarrollo web y dise\u00f1o gr\u00e1fico.","robots":{"index":"index","follow":"follow","max-snippet":"max-snippet:-1","max-image-preview":"max-image-preview:large","max-video-preview":"max-video-preview:-1"},"canonical":"https:\/\/mallorcagraphics.com\/es\/blog\/cuando-debe-decir-no-a-un-cliente\/","og_locale":"es_ES","og_type":"article","og_title":"\u00bfCu\u00e1ndo debe decir no a un cliente?","og_description":"S\u00cd, a veces es mejor decir que no a un cliente. No puedo hablar por todas las profesiones; hablo desde mi punto de vista, desarrollo web y dise\u00f1o gr\u00e1fico.","og_url":"https:\/\/mallorcagraphics.com\/es\/blog\/cuando-debe-decir-no-a-un-cliente\/","og_site_name":"Mallorca Graphics","article_publisher":"https:\/\/www.facebook.com\/MallorcaGraphics","article_published_time":"2022-06-25T10:17:08+00:00","og_image":[{"width":900,"height":600,"url":"https:\/\/mallorcagraphics.com\/wp-content\/uploads\/2022\/12\/10.jpg","type":"image\/jpeg"}],"author":"Mallorca Graphics","twitter_card":"summary_large_image","twitter_misc":{"Escrito por":"Mallorca Graphics","Tiempo de lectura":"2 minutos"},"schema":{"@context":"https:\/\/schema.org","@graph":[{"@type":"Article","@id":"https:\/\/mallorcagraphics.com\/es\/blog\/cuando-debe-decir-no-a-un-cliente\/#article","isPartOf":{"@id":"https:\/\/mallorcagraphics.com\/es\/blog\/cuando-debe-decir-no-a-un-cliente\/"},"author":{"name":"Mallorca Graphics","@id":"https:\/\/mallorcagraphics.com\/es\/#\/schema\/person\/52c9968b2c5077929df1218c7a7d17fa"},"headline":"\u00bfCu\u00e1ndo debe decir no a un cliente?","datePublished":"2022-06-25T10:17:08+00:00","mainEntityOfPage":{"@id":"https:\/\/mallorcagraphics.com\/es\/blog\/cuando-debe-decir-no-a-un-cliente\/"},"wordCount":420,"commentCount":0,"publisher":{"@id":"https:\/\/mallorcagraphics.com\/es\/#organization"},"image":{"@id":"https:\/\/mallorcagraphics.com\/es\/blog\/cuando-debe-decir-no-a-un-cliente\/#primaryimage"},"thumbnailUrl":"https:\/\/mallorcagraphics.com\/wp-content\/uploads\/2022\/12\/10.jpg","articleSection":["Servicios"],"inLanguage":"es","potentialAction":[{"@type":"CommentAction","name":"Comment","target":["https:\/\/mallorcagraphics.com\/es\/blog\/cuando-debe-decir-no-a-un-cliente\/#respond"]}]},{"@type":"WebPage","@id":"https:\/\/mallorcagraphics.com\/es\/blog\/cuando-debe-decir-no-a-un-cliente\/","url":"https:\/\/mallorcagraphics.com\/es\/blog\/cuando-debe-decir-no-a-un-cliente\/","name":"\u00bfCu\u00e1ndo debe decir no a un cliente? - Mallorca Graphics","isPartOf":{"@id":"https:\/\/mallorcagraphics.com\/es\/#website"},"primaryImageOfPage":{"@id":"https:\/\/mallorcagraphics.com\/es\/blog\/cuando-debe-decir-no-a-un-cliente\/#primaryimage"},"image":{"@id":"https:\/\/mallorcagraphics.com\/es\/blog\/cuando-debe-decir-no-a-un-cliente\/#primaryimage"},"thumbnailUrl":"https:\/\/mallorcagraphics.com\/wp-content\/uploads\/2022\/12\/10.jpg","datePublished":"2022-06-25T10:17:08+00:00","description":"S\u00cd, a veces es mejor decir que no a un cliente. No puedo hablar por todas las profesiones; hablo desde mi punto de vista, desarrollo web y dise\u00f1o gr\u00e1fico.","breadcrumb":{"@id":"https:\/\/mallorcagraphics.com\/es\/blog\/cuando-debe-decir-no-a-un-cliente\/#breadcrumb"},"inLanguage":"es","potentialAction":[{"@type":"ReadAction","target":["https:\/\/mallorcagraphics.com\/es\/blog\/cuando-debe-decir-no-a-un-cliente\/"]}]},{"@type":"ImageObject","inLanguage":"es","@id":"https:\/\/mallorcagraphics.com\/es\/blog\/cuando-debe-decir-no-a-un-cliente\/#primaryimage","url":"https:\/\/mallorcagraphics.com\/wp-content\/uploads\/2022\/12\/10.jpg","contentUrl":"https:\/\/mallorcagraphics.com\/wp-content\/uploads\/2022\/12\/10.jpg","width":900,"height":600,"caption":"no a un cliente"},{"@type":"BreadcrumbList","@id":"https:\/\/mallorcagraphics.com\/es\/blog\/cuando-debe-decir-no-a-un-cliente\/#breadcrumb","itemListElement":[{"@type":"ListItem","position":1,"name":"Home","item":"https:\/\/mallorcagraphics.com\/es\/"},{"@type":"ListItem","position":2,"name":"\u00bfCu\u00e1ndo debe decir no a un cliente?"}]},{"@type":"WebSite","@id":"https:\/\/mallorcagraphics.com\/es\/#website","url":"https:\/\/mallorcagraphics.com\/es\/","name":"Mallorca Graphics","description":"","publisher":{"@id":"https:\/\/mallorcagraphics.com\/es\/#organization"},"potentialAction":[{"@type":"SearchAction","target":{"@type":"EntryPoint","urlTemplate":"https:\/\/mallorcagraphics.com\/es\/?s={search_term_string}"},"query-input":{"@type":"PropertyValueSpecification","valueRequired":true,"valueName":"search_term_string"}}],"inLanguage":"es"},{"@type":"Organization","@id":"https:\/\/mallorcagraphics.com\/es\/#organization","name":"Mallorca Graphics","url":"https:\/\/mallorcagraphics.com\/es\/","logo":{"@type":"ImageObject","inLanguage":"es","@id":"https:\/\/mallorcagraphics.com\/es\/#\/schema\/logo\/image\/","url":"https:\/\/mallorcagraphics.com\/wp-content\/uploads\/2026\/01\/Logo_header_200px.png","contentUrl":"https:\/\/mallorcagraphics.com\/wp-content\/uploads\/2026\/01\/Logo_header_200px.png","width":200,"height":61,"caption":"Mallorca Graphics"},"image":{"@id":"https:\/\/mallorcagraphics.com\/es\/#\/schema\/logo\/image\/"},"sameAs":["https:\/\/www.facebook.com\/MallorcaGraphics","https:\/\/www.linkedin.com\/company\/mallorca-graphics\/","https:\/\/www.instagram.com\/mallorca.graphics\/","https:\/\/www.youtube.com\/@Mallorca.Graphics\/"]},{"@type":"Person","@id":"https:\/\/mallorcagraphics.com\/es\/#\/schema\/person\/52c9968b2c5077929df1218c7a7d17fa","name":"Mallorca Graphics","image":{"@type":"ImageObject","inLanguage":"es","@id":"https:\/\/secure.gravatar.com\/avatar\/e42fd41bbd15ce9169bafd9a4a547dc85d26eb397c3a9c825cd9face8805b660?s=96&d=mm&r=g","url":"https:\/\/secure.gravatar.com\/avatar\/e42fd41bbd15ce9169bafd9a4a547dc85d26eb397c3a9c825cd9face8805b660?s=96&d=mm&r=g","contentUrl":"https:\/\/secure.gravatar.com\/avatar\/e42fd41bbd15ce9169bafd9a4a547dc85d26eb397c3a9c825cd9face8805b660?s=96&d=mm&r=g","caption":"Mallorca Graphics"},"sameAs":["https:\/\/mallorcagraphics.com"],"url":"https:\/\/mallorcagraphics.com\/es\/blog\/author\/pedro-alvarez\/"}]}},"_links":{"self":[{"href":"https:\/\/mallorcagraphics.com\/es\/wp-json\/wp\/v2\/posts\/987517027","targetHints":{"allow":["GET"]}}],"collection":[{"href":"https:\/\/mallorcagraphics.com\/es\/wp-json\/wp\/v2\/posts"}],"about":[{"href":"https:\/\/mallorcagraphics.com\/es\/wp-json\/wp\/v2\/types\/post"}],"author":[{"embeddable":true,"href":"https:\/\/mallorcagraphics.com\/es\/wp-json\/wp\/v2\/users\/1"}],"replies":[{"embeddable":true,"href":"https:\/\/mallorcagraphics.com\/es\/wp-json\/wp\/v2\/comments?post=987517027"}],"version-history":[{"count":0,"href":"https:\/\/mallorcagraphics.com\/es\/wp-json\/wp\/v2\/posts\/987517027\/revisions"}],"wp:featuredmedia":[{"embeddable":true,"href":"https:\/\/mallorcagraphics.com\/es\/wp-json\/wp\/v2\/media\/987516967"}],"wp:attachment":[{"href":"https:\/\/mallorcagraphics.com\/es\/wp-json\/wp\/v2\/media?parent=987517027"}],"wp:term":[{"taxonomy":"category","embeddable":true,"href":"https:\/\/mallorcagraphics.com\/es\/wp-json\/wp\/v2\/categories?post=987517027"},{"taxonomy":"post_tag","embeddable":true,"href":"https:\/\/mallorcagraphics.com\/es\/wp-json\/wp\/v2\/tags?post=987517027"}],"curies":[{"name":"wp","href":"https:\/\/api.w.org\/{rel}","templated":true}]}}