{"id":987517010,"date":"2023-03-15T16:25:10","date_gmt":"2023-03-15T16:25:10","guid":{"rendered":"https:\/\/mallorcagraphics.com\/blog\/5-senales-reveladoras-para-renovar-su-marca-en-el-momento-oportuno\/"},"modified":"2026-02-14T16:39:57","modified_gmt":"2026-02-14T16:39:57","slug":"5-senales-reveladoras-para-renovar-su-marca-en-el-momento-oportuno","status":"publish","type":"post","link":"https:\/\/mallorcagraphics.com\/es\/blog\/5-senales-reveladoras-para-renovar-su-marca-en-el-momento-oportuno\/","title":{"rendered":"5 se\u00f1ales reveladoras para renovar su marca en el momento oportuno"},"content":{"rendered":"<p>Mantenga su marca actualizada y con un aspecto profesional al tiempo que se adapta a las tendencias siempre cambiantes de su nicho. La marca es una parte integral de cualquier negocio, y es esencial mantenerla actualizada. Si ya tiene una identidad de marca, debe plantearse refrescar su aspecto de vez en cuando. Puede ayudarle a seguir siendo competitivo, darle un cambio de imagen muy necesario y reforzar la presencia de su marca en el mercado. Pero, \u00bfc\u00f3mo saber si ha llegado el momento de renovar su marca?    <\/p>\n<h2>5 se\u00f1ales de que es hora de renovar la marca<\/h2>\n<p>He aqu\u00ed 5 se\u00f1ales clave de que ha llegado el momento de renovar su marca.<\/p>\n<h3>1. La imagen de su marca se ha quedado obsoleta:<\/h3>\n<p>\u00bfUtiliza el mismo logotipo, los mismos colores y los mismos tipos de letra que cuando lanz\u00f3 su empresa? Si es as\u00ed, puede que haya llegado el momento de actualizarlo. Quiere que los clientes asocien su marca con algo fresco y contempor\u00e1neo, no anticuado y rancio. T\u00f3mese un tiempo para pensar en la imagen que quiere transmitir y, a continuaci\u00f3n, colabore con un dise\u00f1ador o experto en branding para crear un nuevo logotipo y una nueva combinaci\u00f3n de colores para su empresa.   <\/p>\n<h3>2. Su sitio web carece de funcionalidad:<\/h3>\n<p>Si se da alguna de estas circunstancias, puede que haya llegado el momento de revisar su sitio web, sobre todo si la mayor\u00eda de sus clientes acceden a \u00e9l a trav\u00e9s de dispositivos m\u00f3viles.<\/p>\n<ul>\n<li>\u00bfSu sitio web necesita m\u00e1s capacidad de respuesta en dispositivos m\u00f3viles?<\/li>\n<li>\u00bfLas p\u00e1ginas tardan una eternidad en cargarse?<\/li>\n<li>\u00bfNecesita ayuda para que los clientes interact\u00faen con usted a trav\u00e9s de las redes sociales o los boletines electr\u00f3nicos?<\/li>\n<\/ul>\n<p>Invertir en un dise\u00f1o web f\u00e1cil de usar puede ayudar a aumentar el compromiso y la fidelidad de los clientes.<\/p>\n<h3>3. No est\u00e1 mostrando sus productos\/servicios adecuadamente:<\/h3>\n<p>\u00bfCu\u00e1ndo fue la \u00faltima vez que actualiz\u00f3 sus p\u00e1ginas de productos con nuevas fotos y descripciones? Si ha pasado mucho tiempo, considere la posibilidad de actualizar esas p\u00e1ginas con mejores im\u00e1genes, descripciones y demostraciones en v\u00eddeo (si procede). Hacer esto puede ayudar a aumentar la visibilidad y las ventas al garantizar que los clientes sepan exactamente lo que est\u00e1n recibiendo de usted antes de tomar una decisi\u00f3n de compra.  <\/p>\n<h3>4. Los clientes tienen dificultades para encontrarle en Internet:<\/h3>\n<p>Aparecer en las primeras posiciones de los resultados de los motores de b\u00fasqueda es vital si quieres que m\u00e1s gente descubra tu marca en Internet y se interese por ella, as\u00ed que aseg\u00farate de que el SEO sea uno de los principales objetivos a la hora de renovar tu identidad de marca. Considere la posibilidad de contratar a un especialista en SEO que pueda optimizar el uso de palabras clave en todas las plataformas (sitio web, redes sociales, etc.) para que m\u00e1s clientes potenciales puedan encontrarle f\u00e1cilmente en Internet. <\/p>\n<h3>5. No est\u00e1 al d\u00eda de las tendencias del sector:<\/h3>\n<p>Es importante mantenerse a la vanguardia en el competitivo mercado actual. H\u00e1gase estas preguntas: <\/p>\n<ul>\n<li>\u00bfHay nuevas tecnolog\u00edas que puedan beneficiar a su empresa?<\/li>\n<li>\u00bfQu\u00e9 hacen sus competidores de forma diferente?<\/li>\n<li>\u00bfUtiliza las t\u00e9cnicas de branding adecuadas para destacar?<\/li>\n<\/ul>\n<p>Si se mantiene al d\u00eda de las tendencias del sector y conoce lo que hacen sus competidores, podr\u00e1 identificar oportunidades de crecimiento y asegurarse de que su empresa no se queda atr\u00e1s.<\/p>\n<h3>Las cifras no mienten<\/h3>\n<p>Una renovaci\u00f3n de la marca puede ayudar a posicionar su empresa para el \u00e9xito y darle el impulso que necesita para seguir siendo competitiva.<\/p>\n<ul>\n<li>Seg\u00fan un estudio de la Universidad de Columbia Brit\u00e1nica, la renovaci\u00f3n de la marca puede <strong>aumentar la confianza del consumidor y los \u00edndices de respuesta hasta en un 10%.<\/strong><\/li>\n<li>Seg\u00fan un estudio de Forrester, se ha demostrado que los esfuerzos de cambio de marca aumentan el compromiso de los clientes en un 40%.<\/li>\n<li>Un estudio de Deloitte revel\u00f3 que las empresas que consiguen revitalizar sus marcas a trav\u00e9s de la actualizaci\u00f3n experimentan <strong>un crecimiento medio del 32% en sus ingresos<\/strong>.<\/li>\n<\/ul>\n<p>As\u00ed que tenga en cuenta estas se\u00f1ales si cree que ha llegado el momento de reinventar su marca y adelantarse a la competencia. Si cree que ha llegado el momento de renovar su marca, <a href=\"https:\/\/mallorcagraphics.com\/es\/marca\/\">p\u00f3ngase en contacto con nosotros<\/a> y hablemos de ello. <\/p>\n","protected":false},"excerpt":{"rendered":"<p>Mantenga su marca actualizada y con un aspecto profesional al tiempo que se adapta a las tendencias siempre cambiantes de su nicho. La marca es una parte integral de cualquier negocio, y es esencial mantenerla actualizada. Si ya tiene una identidad de marca, debe plantearse refrescar su aspecto de vez en cuando. Puede ayudarle a [&hellip;]<\/p>\n","protected":false},"author":1,"featured_media":987516964,"comment_status":"open","ping_status":"open","sticky":false,"template":"","format":"standard","meta":{"iawp_total_views":1,"footnotes":""},"categories":[48],"tags":[],"class_list":["post-987517010","post","type-post","status-publish","format-standard","has-post-thumbnail","hentry","category-servicios"],"yoast_head":"<!-- This site is optimized with the Yoast SEO Premium plugin v27.5 (Yoast SEO v27.5) - https:\/\/yoast.com\/product\/yoast-seo-premium-wordpress\/ -->\n<title>5 se\u00f1ales reveladoras para renovar su marca en el momento oportuno<\/title>\n<meta name=\"description\" content=\"\u00bfC\u00f3mo sabe que ha llegado el momento de renovar su marca? Puede ayudarle a seguir siendo competitivo, con un cambio de imagen muy necesario y reforzar la presencia de su marca.\" \/>\n<meta name=\"robots\" content=\"index, follow, max-snippet:-1, max-image-preview:large, max-video-preview:-1\" \/>\n<link rel=\"canonical\" href=\"https:\/\/mallorcagraphics.com\/es\/blog\/5-senales-reveladoras-para-renovar-su-marca-en-el-momento-oportuno\/\" \/>\n<meta property=\"og:locale\" content=\"es_ES\" \/>\n<meta property=\"og:type\" content=\"article\" \/>\n<meta property=\"og:title\" content=\"5 se\u00f1ales reveladoras para renovar su marca en el momento oportuno\" \/>\n<meta property=\"og:description\" content=\"\u00bfC\u00f3mo sabe que ha llegado el momento de renovar su marca? Puede ayudarle a seguir siendo competitivo, con un cambio de imagen muy necesario y reforzar la presencia de su marca.\" \/>\n<meta property=\"og:url\" content=\"https:\/\/mallorcagraphics.com\/es\/blog\/5-senales-reveladoras-para-renovar-su-marca-en-el-momento-oportuno\/\" \/>\n<meta property=\"og:site_name\" content=\"Mallorca Graphics\" \/>\n<meta property=\"article:publisher\" content=\"https:\/\/www.facebook.com\/MallorcaGraphics\" \/>\n<meta property=\"article:published_time\" content=\"2023-03-15T16:25:10+00:00\" \/>\n<meta property=\"article:modified_time\" content=\"2026-02-14T16:39:57+00:00\" \/>\n<meta property=\"og:image\" content=\"https:\/\/mallorcagraphics.com\/wp-content\/uploads\/2022\/12\/7.jpg\" \/>\n\t<meta property=\"og:image:width\" content=\"900\" \/>\n\t<meta property=\"og:image:height\" content=\"600\" \/>\n\t<meta property=\"og:image:type\" content=\"image\/jpeg\" \/>\n<meta name=\"author\" content=\"Mallorca Graphics\" \/>\n<meta name=\"twitter:card\" content=\"summary_large_image\" \/>\n<meta name=\"twitter:label1\" content=\"Escrito por\" \/>\n\t<meta name=\"twitter:data1\" content=\"Mallorca Graphics\" \/>\n\t<meta name=\"twitter:label2\" content=\"Tiempo de lectura\" \/>\n\t<meta name=\"twitter:data2\" content=\"4 minutos\" \/>\n<script type=\"application\/ld+json\" class=\"yoast-schema-graph\">{\"@context\":\"https:\\\/\\\/schema.org\",\"@graph\":[{\"@type\":\"Article\",\"@id\":\"https:\\\/\\\/mallorcagraphics.com\\\/es\\\/blog\\\/5-senales-reveladoras-para-renovar-su-marca-en-el-momento-oportuno\\\/#article\",\"isPartOf\":{\"@id\":\"https:\\\/\\\/mallorcagraphics.com\\\/es\\\/blog\\\/5-senales-reveladoras-para-renovar-su-marca-en-el-momento-oportuno\\\/\"},\"author\":{\"name\":\"Mallorca Graphics\",\"@id\":\"https:\\\/\\\/mallorcagraphics.com\\\/es\\\/#\\\/schema\\\/person\\\/52c9968b2c5077929df1218c7a7d17fa\"},\"headline\":\"5 se\u00f1ales reveladoras para renovar su marca en el momento oportuno\",\"datePublished\":\"2023-03-15T16:25:10+00:00\",\"dateModified\":\"2026-02-14T16:39:57+00:00\",\"mainEntityOfPage\":{\"@id\":\"https:\\\/\\\/mallorcagraphics.com\\\/es\\\/blog\\\/5-senales-reveladoras-para-renovar-su-marca-en-el-momento-oportuno\\\/\"},\"wordCount\":754,\"commentCount\":0,\"publisher\":{\"@id\":\"https:\\\/\\\/mallorcagraphics.com\\\/es\\\/#organization\"},\"image\":{\"@id\":\"https:\\\/\\\/mallorcagraphics.com\\\/es\\\/blog\\\/5-senales-reveladoras-para-renovar-su-marca-en-el-momento-oportuno\\\/#primaryimage\"},\"thumbnailUrl\":\"https:\\\/\\\/mallorcagraphics.com\\\/wp-content\\\/uploads\\\/2022\\\/12\\\/7.jpg\",\"articleSection\":[\"Servicios\"],\"inLanguage\":\"es\",\"potentialAction\":[{\"@type\":\"CommentAction\",\"name\":\"Comment\",\"target\":[\"https:\\\/\\\/mallorcagraphics.com\\\/es\\\/blog\\\/5-senales-reveladoras-para-renovar-su-marca-en-el-momento-oportuno\\\/#respond\"]}]},{\"@type\":\"WebPage\",\"@id\":\"https:\\\/\\\/mallorcagraphics.com\\\/es\\\/blog\\\/5-senales-reveladoras-para-renovar-su-marca-en-el-momento-oportuno\\\/\",\"url\":\"https:\\\/\\\/mallorcagraphics.com\\\/es\\\/blog\\\/5-senales-reveladoras-para-renovar-su-marca-en-el-momento-oportuno\\\/\",\"name\":\"5 se\u00f1ales reveladoras para renovar su marca en el momento oportuno\",\"isPartOf\":{\"@id\":\"https:\\\/\\\/mallorcagraphics.com\\\/es\\\/#website\"},\"primaryImageOfPage\":{\"@id\":\"https:\\\/\\\/mallorcagraphics.com\\\/es\\\/blog\\\/5-senales-reveladoras-para-renovar-su-marca-en-el-momento-oportuno\\\/#primaryimage\"},\"image\":{\"@id\":\"https:\\\/\\\/mallorcagraphics.com\\\/es\\\/blog\\\/5-senales-reveladoras-para-renovar-su-marca-en-el-momento-oportuno\\\/#primaryimage\"},\"thumbnailUrl\":\"https:\\\/\\\/mallorcagraphics.com\\\/wp-content\\\/uploads\\\/2022\\\/12\\\/7.jpg\",\"datePublished\":\"2023-03-15T16:25:10+00:00\",\"dateModified\":\"2026-02-14T16:39:57+00:00\",\"description\":\"\u00bfC\u00f3mo sabe que ha llegado el momento de renovar su marca? Puede ayudarle a seguir siendo competitivo, con un cambio de imagen muy necesario y reforzar la presencia de su marca.\",\"breadcrumb\":{\"@id\":\"https:\\\/\\\/mallorcagraphics.com\\\/es\\\/blog\\\/5-senales-reveladoras-para-renovar-su-marca-en-el-momento-oportuno\\\/#breadcrumb\"},\"inLanguage\":\"es\",\"potentialAction\":[{\"@type\":\"ReadAction\",\"target\":[\"https:\\\/\\\/mallorcagraphics.com\\\/es\\\/blog\\\/5-senales-reveladoras-para-renovar-su-marca-en-el-momento-oportuno\\\/\"]}]},{\"@type\":\"ImageObject\",\"inLanguage\":\"es\",\"@id\":\"https:\\\/\\\/mallorcagraphics.com\\\/es\\\/blog\\\/5-senales-reveladoras-para-renovar-su-marca-en-el-momento-oportuno\\\/#primaryimage\",\"url\":\"https:\\\/\\\/mallorcagraphics.com\\\/wp-content\\\/uploads\\\/2022\\\/12\\\/7.jpg\",\"contentUrl\":\"https:\\\/\\\/mallorcagraphics.com\\\/wp-content\\\/uploads\\\/2022\\\/12\\\/7.jpg\",\"width\":900,\"height\":600,\"caption\":\"Refresque su marca\"},{\"@type\":\"BreadcrumbList\",\"@id\":\"https:\\\/\\\/mallorcagraphics.com\\\/es\\\/blog\\\/5-senales-reveladoras-para-renovar-su-marca-en-el-momento-oportuno\\\/#breadcrumb\",\"itemListElement\":[{\"@type\":\"ListItem\",\"position\":1,\"name\":\"Home\",\"item\":\"https:\\\/\\\/mallorcagraphics.com\\\/es\\\/\"},{\"@type\":\"ListItem\",\"position\":2,\"name\":\"5 se\u00f1ales reveladoras para renovar su marca en el momento oportuno\"}]},{\"@type\":\"WebSite\",\"@id\":\"https:\\\/\\\/mallorcagraphics.com\\\/es\\\/#website\",\"url\":\"https:\\\/\\\/mallorcagraphics.com\\\/es\\\/\",\"name\":\"Mallorca Graphics\",\"description\":\"\",\"publisher\":{\"@id\":\"https:\\\/\\\/mallorcagraphics.com\\\/es\\\/#organization\"},\"potentialAction\":[{\"@type\":\"SearchAction\",\"target\":{\"@type\":\"EntryPoint\",\"urlTemplate\":\"https:\\\/\\\/mallorcagraphics.com\\\/es\\\/?s={search_term_string}\"},\"query-input\":{\"@type\":\"PropertyValueSpecification\",\"valueRequired\":true,\"valueName\":\"search_term_string\"}}],\"inLanguage\":\"es\"},{\"@type\":\"Organization\",\"@id\":\"https:\\\/\\\/mallorcagraphics.com\\\/es\\\/#organization\",\"name\":\"Mallorca Graphics\",\"url\":\"https:\\\/\\\/mallorcagraphics.com\\\/es\\\/\",\"logo\":{\"@type\":\"ImageObject\",\"inLanguage\":\"es\",\"@id\":\"https:\\\/\\\/mallorcagraphics.com\\\/es\\\/#\\\/schema\\\/logo\\\/image\\\/\",\"url\":\"https:\\\/\\\/mallorcagraphics.com\\\/wp-content\\\/uploads\\\/2026\\\/01\\\/Logo_header_200px.png\",\"contentUrl\":\"https:\\\/\\\/mallorcagraphics.com\\\/wp-content\\\/uploads\\\/2026\\\/01\\\/Logo_header_200px.png\",\"width\":200,\"height\":61,\"caption\":\"Mallorca Graphics\"},\"image\":{\"@id\":\"https:\\\/\\\/mallorcagraphics.com\\\/es\\\/#\\\/schema\\\/logo\\\/image\\\/\"},\"sameAs\":[\"https:\\\/\\\/www.facebook.com\\\/MallorcaGraphics\",\"https:\\\/\\\/www.linkedin.com\\\/company\\\/mallorca-graphics\\\/\",\"https:\\\/\\\/www.instagram.com\\\/mallorca.graphics\\\/\",\"https:\\\/\\\/www.youtube.com\\\/@Mallorca.Graphics\\\/\"]},{\"@type\":\"Person\",\"@id\":\"https:\\\/\\\/mallorcagraphics.com\\\/es\\\/#\\\/schema\\\/person\\\/52c9968b2c5077929df1218c7a7d17fa\",\"name\":\"Mallorca Graphics\",\"image\":{\"@type\":\"ImageObject\",\"inLanguage\":\"es\",\"@id\":\"https:\\\/\\\/secure.gravatar.com\\\/avatar\\\/e42fd41bbd15ce9169bafd9a4a547dc85d26eb397c3a9c825cd9face8805b660?s=96&d=mm&r=g\",\"url\":\"https:\\\/\\\/secure.gravatar.com\\\/avatar\\\/e42fd41bbd15ce9169bafd9a4a547dc85d26eb397c3a9c825cd9face8805b660?s=96&d=mm&r=g\",\"contentUrl\":\"https:\\\/\\\/secure.gravatar.com\\\/avatar\\\/e42fd41bbd15ce9169bafd9a4a547dc85d26eb397c3a9c825cd9face8805b660?s=96&d=mm&r=g\",\"caption\":\"Mallorca Graphics\"},\"sameAs\":[\"https:\\\/\\\/mallorcagraphics.com\"],\"url\":\"https:\\\/\\\/mallorcagraphics.com\\\/es\\\/blog\\\/author\\\/pedro-alvarez\\\/\"}]}<\/script>\n<!-- \/ Yoast SEO Premium plugin. -->","yoast_head_json":{"title":"5 se\u00f1ales reveladoras para renovar su marca en el momento oportuno","description":"\u00bfC\u00f3mo sabe que ha llegado el momento de renovar su marca? Puede ayudarle a seguir siendo competitivo, con un cambio de imagen muy necesario y reforzar la presencia de su marca.","robots":{"index":"index","follow":"follow","max-snippet":"max-snippet:-1","max-image-preview":"max-image-preview:large","max-video-preview":"max-video-preview:-1"},"canonical":"https:\/\/mallorcagraphics.com\/es\/blog\/5-senales-reveladoras-para-renovar-su-marca-en-el-momento-oportuno\/","og_locale":"es_ES","og_type":"article","og_title":"5 se\u00f1ales reveladoras para renovar su marca en el momento oportuno","og_description":"\u00bfC\u00f3mo sabe que ha llegado el momento de renovar su marca? Puede ayudarle a seguir siendo competitivo, con un cambio de imagen muy necesario y reforzar la presencia de su marca.","og_url":"https:\/\/mallorcagraphics.com\/es\/blog\/5-senales-reveladoras-para-renovar-su-marca-en-el-momento-oportuno\/","og_site_name":"Mallorca Graphics","article_publisher":"https:\/\/www.facebook.com\/MallorcaGraphics","article_published_time":"2023-03-15T16:25:10+00:00","article_modified_time":"2026-02-14T16:39:57+00:00","og_image":[{"width":900,"height":600,"url":"https:\/\/mallorcagraphics.com\/wp-content\/uploads\/2022\/12\/7.jpg","type":"image\/jpeg"}],"author":"Mallorca Graphics","twitter_card":"summary_large_image","twitter_misc":{"Escrito por":"Mallorca Graphics","Tiempo de lectura":"4 minutos"},"schema":{"@context":"https:\/\/schema.org","@graph":[{"@type":"Article","@id":"https:\/\/mallorcagraphics.com\/es\/blog\/5-senales-reveladoras-para-renovar-su-marca-en-el-momento-oportuno\/#article","isPartOf":{"@id":"https:\/\/mallorcagraphics.com\/es\/blog\/5-senales-reveladoras-para-renovar-su-marca-en-el-momento-oportuno\/"},"author":{"name":"Mallorca Graphics","@id":"https:\/\/mallorcagraphics.com\/es\/#\/schema\/person\/52c9968b2c5077929df1218c7a7d17fa"},"headline":"5 se\u00f1ales reveladoras para renovar su marca en el momento oportuno","datePublished":"2023-03-15T16:25:10+00:00","dateModified":"2026-02-14T16:39:57+00:00","mainEntityOfPage":{"@id":"https:\/\/mallorcagraphics.com\/es\/blog\/5-senales-reveladoras-para-renovar-su-marca-en-el-momento-oportuno\/"},"wordCount":754,"commentCount":0,"publisher":{"@id":"https:\/\/mallorcagraphics.com\/es\/#organization"},"image":{"@id":"https:\/\/mallorcagraphics.com\/es\/blog\/5-senales-reveladoras-para-renovar-su-marca-en-el-momento-oportuno\/#primaryimage"},"thumbnailUrl":"https:\/\/mallorcagraphics.com\/wp-content\/uploads\/2022\/12\/7.jpg","articleSection":["Servicios"],"inLanguage":"es","potentialAction":[{"@type":"CommentAction","name":"Comment","target":["https:\/\/mallorcagraphics.com\/es\/blog\/5-senales-reveladoras-para-renovar-su-marca-en-el-momento-oportuno\/#respond"]}]},{"@type":"WebPage","@id":"https:\/\/mallorcagraphics.com\/es\/blog\/5-senales-reveladoras-para-renovar-su-marca-en-el-momento-oportuno\/","url":"https:\/\/mallorcagraphics.com\/es\/blog\/5-senales-reveladoras-para-renovar-su-marca-en-el-momento-oportuno\/","name":"5 se\u00f1ales reveladoras para renovar su marca en el momento oportuno","isPartOf":{"@id":"https:\/\/mallorcagraphics.com\/es\/#website"},"primaryImageOfPage":{"@id":"https:\/\/mallorcagraphics.com\/es\/blog\/5-senales-reveladoras-para-renovar-su-marca-en-el-momento-oportuno\/#primaryimage"},"image":{"@id":"https:\/\/mallorcagraphics.com\/es\/blog\/5-senales-reveladoras-para-renovar-su-marca-en-el-momento-oportuno\/#primaryimage"},"thumbnailUrl":"https:\/\/mallorcagraphics.com\/wp-content\/uploads\/2022\/12\/7.jpg","datePublished":"2023-03-15T16:25:10+00:00","dateModified":"2026-02-14T16:39:57+00:00","description":"\u00bfC\u00f3mo sabe que ha llegado el momento de renovar su marca? Puede ayudarle a seguir siendo competitivo, con un cambio de imagen muy necesario y reforzar la presencia de su marca.","breadcrumb":{"@id":"https:\/\/mallorcagraphics.com\/es\/blog\/5-senales-reveladoras-para-renovar-su-marca-en-el-momento-oportuno\/#breadcrumb"},"inLanguage":"es","potentialAction":[{"@type":"ReadAction","target":["https:\/\/mallorcagraphics.com\/es\/blog\/5-senales-reveladoras-para-renovar-su-marca-en-el-momento-oportuno\/"]}]},{"@type":"ImageObject","inLanguage":"es","@id":"https:\/\/mallorcagraphics.com\/es\/blog\/5-senales-reveladoras-para-renovar-su-marca-en-el-momento-oportuno\/#primaryimage","url":"https:\/\/mallorcagraphics.com\/wp-content\/uploads\/2022\/12\/7.jpg","contentUrl":"https:\/\/mallorcagraphics.com\/wp-content\/uploads\/2022\/12\/7.jpg","width":900,"height":600,"caption":"Refresque su marca"},{"@type":"BreadcrumbList","@id":"https:\/\/mallorcagraphics.com\/es\/blog\/5-senales-reveladoras-para-renovar-su-marca-en-el-momento-oportuno\/#breadcrumb","itemListElement":[{"@type":"ListItem","position":1,"name":"Home","item":"https:\/\/mallorcagraphics.com\/es\/"},{"@type":"ListItem","position":2,"name":"5 se\u00f1ales reveladoras para renovar su marca en el momento oportuno"}]},{"@type":"WebSite","@id":"https:\/\/mallorcagraphics.com\/es\/#website","url":"https:\/\/mallorcagraphics.com\/es\/","name":"Mallorca Graphics","description":"","publisher":{"@id":"https:\/\/mallorcagraphics.com\/es\/#organization"},"potentialAction":[{"@type":"SearchAction","target":{"@type":"EntryPoint","urlTemplate":"https:\/\/mallorcagraphics.com\/es\/?s={search_term_string}"},"query-input":{"@type":"PropertyValueSpecification","valueRequired":true,"valueName":"search_term_string"}}],"inLanguage":"es"},{"@type":"Organization","@id":"https:\/\/mallorcagraphics.com\/es\/#organization","name":"Mallorca Graphics","url":"https:\/\/mallorcagraphics.com\/es\/","logo":{"@type":"ImageObject","inLanguage":"es","@id":"https:\/\/mallorcagraphics.com\/es\/#\/schema\/logo\/image\/","url":"https:\/\/mallorcagraphics.com\/wp-content\/uploads\/2026\/01\/Logo_header_200px.png","contentUrl":"https:\/\/mallorcagraphics.com\/wp-content\/uploads\/2026\/01\/Logo_header_200px.png","width":200,"height":61,"caption":"Mallorca Graphics"},"image":{"@id":"https:\/\/mallorcagraphics.com\/es\/#\/schema\/logo\/image\/"},"sameAs":["https:\/\/www.facebook.com\/MallorcaGraphics","https:\/\/www.linkedin.com\/company\/mallorca-graphics\/","https:\/\/www.instagram.com\/mallorca.graphics\/","https:\/\/www.youtube.com\/@Mallorca.Graphics\/"]},{"@type":"Person","@id":"https:\/\/mallorcagraphics.com\/es\/#\/schema\/person\/52c9968b2c5077929df1218c7a7d17fa","name":"Mallorca Graphics","image":{"@type":"ImageObject","inLanguage":"es","@id":"https:\/\/secure.gravatar.com\/avatar\/e42fd41bbd15ce9169bafd9a4a547dc85d26eb397c3a9c825cd9face8805b660?s=96&d=mm&r=g","url":"https:\/\/secure.gravatar.com\/avatar\/e42fd41bbd15ce9169bafd9a4a547dc85d26eb397c3a9c825cd9face8805b660?s=96&d=mm&r=g","contentUrl":"https:\/\/secure.gravatar.com\/avatar\/e42fd41bbd15ce9169bafd9a4a547dc85d26eb397c3a9c825cd9face8805b660?s=96&d=mm&r=g","caption":"Mallorca Graphics"},"sameAs":["https:\/\/mallorcagraphics.com"],"url":"https:\/\/mallorcagraphics.com\/es\/blog\/author\/pedro-alvarez\/"}]}},"_links":{"self":[{"href":"https:\/\/mallorcagraphics.com\/es\/wp-json\/wp\/v2\/posts\/987517010","targetHints":{"allow":["GET"]}}],"collection":[{"href":"https:\/\/mallorcagraphics.com\/es\/wp-json\/wp\/v2\/posts"}],"about":[{"href":"https:\/\/mallorcagraphics.com\/es\/wp-json\/wp\/v2\/types\/post"}],"author":[{"embeddable":true,"href":"https:\/\/mallorcagraphics.com\/es\/wp-json\/wp\/v2\/users\/1"}],"replies":[{"embeddable":true,"href":"https:\/\/mallorcagraphics.com\/es\/wp-json\/wp\/v2\/comments?post=987517010"}],"version-history":[{"count":1,"href":"https:\/\/mallorcagraphics.com\/es\/wp-json\/wp\/v2\/posts\/987517010\/revisions"}],"predecessor-version":[{"id":987517012,"href":"https:\/\/mallorcagraphics.com\/es\/wp-json\/wp\/v2\/posts\/987517010\/revisions\/987517012"}],"wp:featuredmedia":[{"embeddable":true,"href":"https:\/\/mallorcagraphics.com\/es\/wp-json\/wp\/v2\/media\/987516964"}],"wp:attachment":[{"href":"https:\/\/mallorcagraphics.com\/es\/wp-json\/wp\/v2\/media?parent=987517010"}],"wp:term":[{"taxonomy":"category","embeddable":true,"href":"https:\/\/mallorcagraphics.com\/es\/wp-json\/wp\/v2\/categories?post=987517010"},{"taxonomy":"post_tag","embeddable":true,"href":"https:\/\/mallorcagraphics.com\/es\/wp-json\/wp\/v2\/tags?post=987517010"}],"curies":[{"name":"wp","href":"https:\/\/api.w.org\/{rel}","templated":true}]}}