{"id":987516990,"date":"2022-06-25T10:33:12","date_gmt":"2022-06-25T10:33:12","guid":{"rendered":"https:\/\/mallorcagraphics.com\/blog\/contrato-de-servicio-lo-necesito\/"},"modified":"2022-06-25T10:33:12","modified_gmt":"2022-06-25T10:33:12","slug":"contrato-de-servicio-lo-necesito","status":"publish","type":"post","link":"https:\/\/mallorcagraphics.com\/es\/blog\/contrato-de-servicio-lo-necesito\/","title":{"rendered":"Contrato de servicio, \u00bflo necesito?"},"content":{"rendered":"<p>Cualquier particular o empresa que no sepa o no tenga tiempo para mantener su sitio web necesita un contrato de servicios que se ocupe de lo m\u00e1s esencial de su sitio web.<\/p>\n<h2>\u00bfPor qu\u00e9 necesito un contrato de mantenimiento?<\/h2>\n<p>Si usted tiene un blog, tienda web, o cualquier otro sitio web que se actualiza con regularidad, entonces usted necesita para hacer esto o tener a alguien que lo haga por usted. Incluso si usted tiene un sitio web que no hacer actualizaciones, un sitio web con informaci\u00f3n a sus visitantes o clientes y no es necesario actualizar el contenido. Lo sentimos, usted todav\u00eda tiene que pasar tiempo en su sitio web o conseguir un contrato de servicio.  <\/p>\n<h3>\u00bfNecesito un contrato de servicio si no actualizo el contenido del sitio web?<\/h3>\n<p><strong>Pues s\u00ed.<\/strong> Hoy en d\u00eda, casi todos los sitios web se construyen con un sistema de gesti\u00f3n de contenidos<a href=\"https:\/\/en.wikipedia.org\/wiki\/Content_management_system\" target=\"_blank\" rel=\"noopener noreferrer\">(CMS<\/a>). Eso significa que hay que actualizar el CMS. Probablemente tambi\u00e9n tengas alg\u00fan complemento o plugin que tambi\u00e9n necesite estar actualizado. Por lo general, esto no es dif\u00edcil de hacer, pero muchos tienen miedo de tocar estas cosas si tienes mala suerte y se bloquea su sitio web. Aseg\u00farate siempre de tener una copia de seguridad, para no perder nada en caso de que ocurra algo. Entonces tienes que tener cuidado si tienes alg\u00fan plugin modificado. Una actualizaci\u00f3n de un plugin modificado har\u00e1 que pierdas los cambios, y si no est\u00e1s familiarizado con los c\u00f3digos, te supondr\u00e1 un problema a\u00f1adir estos cambios en el lugar correcto.<\/p>\n<h3>\u00bfCon qu\u00e9 frecuencia debo hacer copias de seguridad de mi sitio web?  <em>(incluido en algunos paquetes de servicios)<\/em><\/h3>\n<p>Muchas veces depende de la frecuencia con la que actualice el contenido de su sitio web. Si tienes un sitio web en el que no actualizas el contenido, dir\u00edamos que cada vez que actualices el CMS. Cuando se trata de un blog, entonces depende de usted con qu\u00e9 frecuencia publica art\u00edculos y cu\u00e1nto est\u00e1 dispuesto a arriesgarse a perder en una \u00abca\u00edda\u00bb. Nosotros, en Web And Design Agency, recomendar\u00edamos no hacer copias de seguridad menos de una vez a la semana. Cuando se trata de tiendas web, deber\u00edas hacer una copia de seguridad cada d\u00eda. Y si se trata de una tienda grande con m\u00faltiples pedidos diarios, ser\u00eda incluso recomendable actualizar cada 12 horas.     <\/p>\n<h3>\u00bfD\u00f3nde puedo conseguir un contrato de servicios?<\/h3>\n<p>Algunos contratos de servicios incluyen en los paquetes las copias de seguridad y la actualizaci\u00f3n del sistema.  <strong>Aqu\u00ed en Mallorca Graphics, ofrecemos 3 paquetes de servicios diferentes.<\/strong><\/p>\n<ul>\n<li><strong>B\u00e1sico:<\/strong> Este pack es de pago anual e incluye la actualizaci\u00f3n del CMS y plugin y copias de seguridad semanales.<\/li>\n<li><strong>Negocio:<\/strong> Este paquete le ofrece 4 horas\/mes para realizar cambios en su sitio web y tambi\u00e9n actualiza y realiza copias de seguridad de su sistema con regularidad.<\/li>\n<li><strong>Profesional:<\/strong> Este paquete le ofrece 8 horas\/mes para realizar cambios en su sitio web y tambi\u00e9n actualiza y realiza copias de seguridad de su sistema con regularidad.<\/li>\n<\/ul>\n<p><em>M\u00e1s informaci\u00f3n sobre nuestros distintos paquetes y precios en nuestra <a href=\"https:\/\/mallorcagraphics.com\/service-packs\/\">p\u00e1gina de paquetes de servicios<\/a>.<\/em><\/p>\n","protected":false},"excerpt":{"rendered":"<p>Cualquier particular o empresa que no sepa o no tenga tiempo para mantener su sitio web necesita un contrato de servicios que se ocupe de lo m\u00e1s esencial de su sitio web. \u00bfPor qu\u00e9 necesito un contrato de mantenimiento? Si usted tiene un blog, tienda web, o cualquier otro sitio web que se actualiza con [&hellip;]<\/p>\n","protected":false},"author":1,"featured_media":987516992,"comment_status":"open","ping_status":"open","sticky":false,"template":"","format":"standard","meta":{"iawp_total_views":1,"footnotes":""},"categories":[48],"tags":[],"class_list":["post-987516990","post","type-post","status-publish","format-standard","has-post-thumbnail","hentry","category-servicios"],"yoast_head":"<!-- This site is optimized with the Yoast SEO Premium plugin v27.5 (Yoast SEO v27.5) - https:\/\/yoast.com\/product\/yoast-seo-premium-wordpress\/ -->\n<title>Contrato de servicio, \u00bflo necesito? - Mallorca Graphics<\/title>\n<meta name=\"robots\" content=\"index, follow, max-snippet:-1, max-image-preview:large, max-video-preview:-1\" \/>\n<link rel=\"canonical\" href=\"https:\/\/mallorcagraphics.com\/es\/blog\/contrato-de-servicio-lo-necesito\/\" \/>\n<meta property=\"og:locale\" content=\"es_ES\" \/>\n<meta property=\"og:type\" content=\"article\" \/>\n<meta property=\"og:title\" content=\"Contrato de servicio, \u00bflo necesito?\" \/>\n<meta property=\"og:description\" content=\"Cualquier particular o empresa que no sepa o no tenga tiempo para mantener su sitio web necesita un contrato de servicios que se ocupe de lo m\u00e1s esencial de su sitio web. \u00bfPor qu\u00e9 necesito un contrato de mantenimiento? Si usted tiene un blog, tienda web, o cualquier otro sitio web que se actualiza con [&hellip;]\" \/>\n<meta property=\"og:url\" content=\"https:\/\/mallorcagraphics.com\/es\/blog\/contrato-de-servicio-lo-necesito\/\" \/>\n<meta property=\"og:site_name\" content=\"Mallorca Graphics\" \/>\n<meta property=\"article:publisher\" content=\"https:\/\/www.facebook.com\/MallorcaGraphics\" \/>\n<meta property=\"article:published_time\" content=\"2022-06-25T10:33:12+00:00\" \/>\n<meta property=\"og:image\" content=\"https:\/\/mallorcagraphics.com\/wp-content\/uploads\/2023\/04\/12.jpg\" \/>\n\t<meta property=\"og:image:width\" content=\"900\" \/>\n\t<meta property=\"og:image:height\" content=\"600\" \/>\n\t<meta property=\"og:image:type\" content=\"image\/jpeg\" \/>\n<meta name=\"author\" content=\"Mallorca Graphics\" \/>\n<meta name=\"twitter:card\" content=\"summary_large_image\" \/>\n<meta name=\"twitter:label1\" content=\"Escrito por\" \/>\n\t<meta name=\"twitter:data1\" content=\"Mallorca Graphics\" \/>\n\t<meta name=\"twitter:label2\" content=\"Tiempo de lectura\" \/>\n\t<meta name=\"twitter:data2\" content=\"3 minutos\" \/>\n<script type=\"application\/ld+json\" class=\"yoast-schema-graph\">{\"@context\":\"https:\\\/\\\/schema.org\",\"@graph\":[{\"@type\":\"Article\",\"@id\":\"https:\\\/\\\/mallorcagraphics.com\\\/es\\\/blog\\\/contrato-de-servicio-lo-necesito\\\/#article\",\"isPartOf\":{\"@id\":\"https:\\\/\\\/mallorcagraphics.com\\\/es\\\/blog\\\/contrato-de-servicio-lo-necesito\\\/\"},\"author\":{\"name\":\"Mallorca Graphics\",\"@id\":\"https:\\\/\\\/mallorcagraphics.com\\\/es\\\/#\\\/schema\\\/person\\\/52c9968b2c5077929df1218c7a7d17fa\"},\"headline\":\"Contrato de servicio, \u00bflo necesito?\",\"datePublished\":\"2022-06-25T10:33:12+00:00\",\"mainEntityOfPage\":{\"@id\":\"https:\\\/\\\/mallorcagraphics.com\\\/es\\\/blog\\\/contrato-de-servicio-lo-necesito\\\/\"},\"wordCount\":546,\"commentCount\":0,\"publisher\":{\"@id\":\"https:\\\/\\\/mallorcagraphics.com\\\/es\\\/#organization\"},\"image\":{\"@id\":\"https:\\\/\\\/mallorcagraphics.com\\\/es\\\/blog\\\/contrato-de-servicio-lo-necesito\\\/#primaryimage\"},\"thumbnailUrl\":\"https:\\\/\\\/mallorcagraphics.com\\\/wp-content\\\/uploads\\\/2023\\\/04\\\/12.jpg\",\"articleSection\":[\"Servicios\"],\"inLanguage\":\"es\",\"potentialAction\":[{\"@type\":\"CommentAction\",\"name\":\"Comment\",\"target\":[\"https:\\\/\\\/mallorcagraphics.com\\\/es\\\/blog\\\/contrato-de-servicio-lo-necesito\\\/#respond\"]}]},{\"@type\":\"WebPage\",\"@id\":\"https:\\\/\\\/mallorcagraphics.com\\\/es\\\/blog\\\/contrato-de-servicio-lo-necesito\\\/\",\"url\":\"https:\\\/\\\/mallorcagraphics.com\\\/es\\\/blog\\\/contrato-de-servicio-lo-necesito\\\/\",\"name\":\"Contrato de servicio, \u00bflo necesito? - Mallorca Graphics\",\"isPartOf\":{\"@id\":\"https:\\\/\\\/mallorcagraphics.com\\\/es\\\/#website\"},\"primaryImageOfPage\":{\"@id\":\"https:\\\/\\\/mallorcagraphics.com\\\/es\\\/blog\\\/contrato-de-servicio-lo-necesito\\\/#primaryimage\"},\"image\":{\"@id\":\"https:\\\/\\\/mallorcagraphics.com\\\/es\\\/blog\\\/contrato-de-servicio-lo-necesito\\\/#primaryimage\"},\"thumbnailUrl\":\"https:\\\/\\\/mallorcagraphics.com\\\/wp-content\\\/uploads\\\/2023\\\/04\\\/12.jpg\",\"datePublished\":\"2022-06-25T10:33:12+00:00\",\"breadcrumb\":{\"@id\":\"https:\\\/\\\/mallorcagraphics.com\\\/es\\\/blog\\\/contrato-de-servicio-lo-necesito\\\/#breadcrumb\"},\"inLanguage\":\"es\",\"potentialAction\":[{\"@type\":\"ReadAction\",\"target\":[\"https:\\\/\\\/mallorcagraphics.com\\\/es\\\/blog\\\/contrato-de-servicio-lo-necesito\\\/\"]}]},{\"@type\":\"ImageObject\",\"inLanguage\":\"es\",\"@id\":\"https:\\\/\\\/mallorcagraphics.com\\\/es\\\/blog\\\/contrato-de-servicio-lo-necesito\\\/#primaryimage\",\"url\":\"https:\\\/\\\/mallorcagraphics.com\\\/wp-content\\\/uploads\\\/2023\\\/04\\\/12.jpg\",\"contentUrl\":\"https:\\\/\\\/mallorcagraphics.com\\\/wp-content\\\/uploads\\\/2023\\\/04\\\/12.jpg\",\"width\":900,\"height\":600,\"caption\":\"Contrato de servicios\"},{\"@type\":\"BreadcrumbList\",\"@id\":\"https:\\\/\\\/mallorcagraphics.com\\\/es\\\/blog\\\/contrato-de-servicio-lo-necesito\\\/#breadcrumb\",\"itemListElement\":[{\"@type\":\"ListItem\",\"position\":1,\"name\":\"Home\",\"item\":\"https:\\\/\\\/mallorcagraphics.com\\\/es\\\/\"},{\"@type\":\"ListItem\",\"position\":2,\"name\":\"Contrato de servicio, \u00bflo necesito?\"}]},{\"@type\":\"WebSite\",\"@id\":\"https:\\\/\\\/mallorcagraphics.com\\\/es\\\/#website\",\"url\":\"https:\\\/\\\/mallorcagraphics.com\\\/es\\\/\",\"name\":\"Mallorca Graphics\",\"description\":\"\",\"publisher\":{\"@id\":\"https:\\\/\\\/mallorcagraphics.com\\\/es\\\/#organization\"},\"potentialAction\":[{\"@type\":\"SearchAction\",\"target\":{\"@type\":\"EntryPoint\",\"urlTemplate\":\"https:\\\/\\\/mallorcagraphics.com\\\/es\\\/?s={search_term_string}\"},\"query-input\":{\"@type\":\"PropertyValueSpecification\",\"valueRequired\":true,\"valueName\":\"search_term_string\"}}],\"inLanguage\":\"es\"},{\"@type\":\"Organization\",\"@id\":\"https:\\\/\\\/mallorcagraphics.com\\\/es\\\/#organization\",\"name\":\"Mallorca Graphics\",\"url\":\"https:\\\/\\\/mallorcagraphics.com\\\/es\\\/\",\"logo\":{\"@type\":\"ImageObject\",\"inLanguage\":\"es\",\"@id\":\"https:\\\/\\\/mallorcagraphics.com\\\/es\\\/#\\\/schema\\\/logo\\\/image\\\/\",\"url\":\"https:\\\/\\\/mallorcagraphics.com\\\/wp-content\\\/uploads\\\/2026\\\/01\\\/Logo_header_200px.png\",\"contentUrl\":\"https:\\\/\\\/mallorcagraphics.com\\\/wp-content\\\/uploads\\\/2026\\\/01\\\/Logo_header_200px.png\",\"width\":200,\"height\":61,\"caption\":\"Mallorca Graphics\"},\"image\":{\"@id\":\"https:\\\/\\\/mallorcagraphics.com\\\/es\\\/#\\\/schema\\\/logo\\\/image\\\/\"},\"sameAs\":[\"https:\\\/\\\/www.facebook.com\\\/MallorcaGraphics\",\"https:\\\/\\\/www.linkedin.com\\\/company\\\/mallorca-graphics\\\/\",\"https:\\\/\\\/www.instagram.com\\\/mallorca.graphics\\\/\",\"https:\\\/\\\/www.youtube.com\\\/@Mallorca.Graphics\\\/\"]},{\"@type\":\"Person\",\"@id\":\"https:\\\/\\\/mallorcagraphics.com\\\/es\\\/#\\\/schema\\\/person\\\/52c9968b2c5077929df1218c7a7d17fa\",\"name\":\"Mallorca Graphics\",\"image\":{\"@type\":\"ImageObject\",\"inLanguage\":\"es\",\"@id\":\"https:\\\/\\\/secure.gravatar.com\\\/avatar\\\/e42fd41bbd15ce9169bafd9a4a547dc85d26eb397c3a9c825cd9face8805b660?s=96&d=mm&r=g\",\"url\":\"https:\\\/\\\/secure.gravatar.com\\\/avatar\\\/e42fd41bbd15ce9169bafd9a4a547dc85d26eb397c3a9c825cd9face8805b660?s=96&d=mm&r=g\",\"contentUrl\":\"https:\\\/\\\/secure.gravatar.com\\\/avatar\\\/e42fd41bbd15ce9169bafd9a4a547dc85d26eb397c3a9c825cd9face8805b660?s=96&d=mm&r=g\",\"caption\":\"Mallorca Graphics\"},\"sameAs\":[\"https:\\\/\\\/mallorcagraphics.com\"],\"url\":\"https:\\\/\\\/mallorcagraphics.com\\\/es\\\/blog\\\/author\\\/pedro-alvarez\\\/\"}]}<\/script>\n<!-- \/ Yoast SEO Premium plugin. -->","yoast_head_json":{"title":"Contrato de servicio, \u00bflo necesito? - Mallorca Graphics","robots":{"index":"index","follow":"follow","max-snippet":"max-snippet:-1","max-image-preview":"max-image-preview:large","max-video-preview":"max-video-preview:-1"},"canonical":"https:\/\/mallorcagraphics.com\/es\/blog\/contrato-de-servicio-lo-necesito\/","og_locale":"es_ES","og_type":"article","og_title":"Contrato de servicio, \u00bflo necesito?","og_description":"Cualquier particular o empresa que no sepa o no tenga tiempo para mantener su sitio web necesita un contrato de servicios que se ocupe de lo m\u00e1s esencial de su sitio web. \u00bfPor qu\u00e9 necesito un contrato de mantenimiento? Si usted tiene un blog, tienda web, o cualquier otro sitio web que se actualiza con [&hellip;]","og_url":"https:\/\/mallorcagraphics.com\/es\/blog\/contrato-de-servicio-lo-necesito\/","og_site_name":"Mallorca Graphics","article_publisher":"https:\/\/www.facebook.com\/MallorcaGraphics","article_published_time":"2022-06-25T10:33:12+00:00","og_image":[{"width":900,"height":600,"url":"https:\/\/mallorcagraphics.com\/wp-content\/uploads\/2023\/04\/12.jpg","type":"image\/jpeg"}],"author":"Mallorca Graphics","twitter_card":"summary_large_image","twitter_misc":{"Escrito por":"Mallorca Graphics","Tiempo de lectura":"3 minutos"},"schema":{"@context":"https:\/\/schema.org","@graph":[{"@type":"Article","@id":"https:\/\/mallorcagraphics.com\/es\/blog\/contrato-de-servicio-lo-necesito\/#article","isPartOf":{"@id":"https:\/\/mallorcagraphics.com\/es\/blog\/contrato-de-servicio-lo-necesito\/"},"author":{"name":"Mallorca Graphics","@id":"https:\/\/mallorcagraphics.com\/es\/#\/schema\/person\/52c9968b2c5077929df1218c7a7d17fa"},"headline":"Contrato de servicio, \u00bflo necesito?","datePublished":"2022-06-25T10:33:12+00:00","mainEntityOfPage":{"@id":"https:\/\/mallorcagraphics.com\/es\/blog\/contrato-de-servicio-lo-necesito\/"},"wordCount":546,"commentCount":0,"publisher":{"@id":"https:\/\/mallorcagraphics.com\/es\/#organization"},"image":{"@id":"https:\/\/mallorcagraphics.com\/es\/blog\/contrato-de-servicio-lo-necesito\/#primaryimage"},"thumbnailUrl":"https:\/\/mallorcagraphics.com\/wp-content\/uploads\/2023\/04\/12.jpg","articleSection":["Servicios"],"inLanguage":"es","potentialAction":[{"@type":"CommentAction","name":"Comment","target":["https:\/\/mallorcagraphics.com\/es\/blog\/contrato-de-servicio-lo-necesito\/#respond"]}]},{"@type":"WebPage","@id":"https:\/\/mallorcagraphics.com\/es\/blog\/contrato-de-servicio-lo-necesito\/","url":"https:\/\/mallorcagraphics.com\/es\/blog\/contrato-de-servicio-lo-necesito\/","name":"Contrato de servicio, \u00bflo necesito? - Mallorca Graphics","isPartOf":{"@id":"https:\/\/mallorcagraphics.com\/es\/#website"},"primaryImageOfPage":{"@id":"https:\/\/mallorcagraphics.com\/es\/blog\/contrato-de-servicio-lo-necesito\/#primaryimage"},"image":{"@id":"https:\/\/mallorcagraphics.com\/es\/blog\/contrato-de-servicio-lo-necesito\/#primaryimage"},"thumbnailUrl":"https:\/\/mallorcagraphics.com\/wp-content\/uploads\/2023\/04\/12.jpg","datePublished":"2022-06-25T10:33:12+00:00","breadcrumb":{"@id":"https:\/\/mallorcagraphics.com\/es\/blog\/contrato-de-servicio-lo-necesito\/#breadcrumb"},"inLanguage":"es","potentialAction":[{"@type":"ReadAction","target":["https:\/\/mallorcagraphics.com\/es\/blog\/contrato-de-servicio-lo-necesito\/"]}]},{"@type":"ImageObject","inLanguage":"es","@id":"https:\/\/mallorcagraphics.com\/es\/blog\/contrato-de-servicio-lo-necesito\/#primaryimage","url":"https:\/\/mallorcagraphics.com\/wp-content\/uploads\/2023\/04\/12.jpg","contentUrl":"https:\/\/mallorcagraphics.com\/wp-content\/uploads\/2023\/04\/12.jpg","width":900,"height":600,"caption":"Contrato de servicios"},{"@type":"BreadcrumbList","@id":"https:\/\/mallorcagraphics.com\/es\/blog\/contrato-de-servicio-lo-necesito\/#breadcrumb","itemListElement":[{"@type":"ListItem","position":1,"name":"Home","item":"https:\/\/mallorcagraphics.com\/es\/"},{"@type":"ListItem","position":2,"name":"Contrato de servicio, \u00bflo necesito?"}]},{"@type":"WebSite","@id":"https:\/\/mallorcagraphics.com\/es\/#website","url":"https:\/\/mallorcagraphics.com\/es\/","name":"Mallorca Graphics","description":"","publisher":{"@id":"https:\/\/mallorcagraphics.com\/es\/#organization"},"potentialAction":[{"@type":"SearchAction","target":{"@type":"EntryPoint","urlTemplate":"https:\/\/mallorcagraphics.com\/es\/?s={search_term_string}"},"query-input":{"@type":"PropertyValueSpecification","valueRequired":true,"valueName":"search_term_string"}}],"inLanguage":"es"},{"@type":"Organization","@id":"https:\/\/mallorcagraphics.com\/es\/#organization","name":"Mallorca Graphics","url":"https:\/\/mallorcagraphics.com\/es\/","logo":{"@type":"ImageObject","inLanguage":"es","@id":"https:\/\/mallorcagraphics.com\/es\/#\/schema\/logo\/image\/","url":"https:\/\/mallorcagraphics.com\/wp-content\/uploads\/2026\/01\/Logo_header_200px.png","contentUrl":"https:\/\/mallorcagraphics.com\/wp-content\/uploads\/2026\/01\/Logo_header_200px.png","width":200,"height":61,"caption":"Mallorca Graphics"},"image":{"@id":"https:\/\/mallorcagraphics.com\/es\/#\/schema\/logo\/image\/"},"sameAs":["https:\/\/www.facebook.com\/MallorcaGraphics","https:\/\/www.linkedin.com\/company\/mallorca-graphics\/","https:\/\/www.instagram.com\/mallorca.graphics\/","https:\/\/www.youtube.com\/@Mallorca.Graphics\/"]},{"@type":"Person","@id":"https:\/\/mallorcagraphics.com\/es\/#\/schema\/person\/52c9968b2c5077929df1218c7a7d17fa","name":"Mallorca Graphics","image":{"@type":"ImageObject","inLanguage":"es","@id":"https:\/\/secure.gravatar.com\/avatar\/e42fd41bbd15ce9169bafd9a4a547dc85d26eb397c3a9c825cd9face8805b660?s=96&d=mm&r=g","url":"https:\/\/secure.gravatar.com\/avatar\/e42fd41bbd15ce9169bafd9a4a547dc85d26eb397c3a9c825cd9face8805b660?s=96&d=mm&r=g","contentUrl":"https:\/\/secure.gravatar.com\/avatar\/e42fd41bbd15ce9169bafd9a4a547dc85d26eb397c3a9c825cd9face8805b660?s=96&d=mm&r=g","caption":"Mallorca Graphics"},"sameAs":["https:\/\/mallorcagraphics.com"],"url":"https:\/\/mallorcagraphics.com\/es\/blog\/author\/pedro-alvarez\/"}]}},"_links":{"self":[{"href":"https:\/\/mallorcagraphics.com\/es\/wp-json\/wp\/v2\/posts\/987516990","targetHints":{"allow":["GET"]}}],"collection":[{"href":"https:\/\/mallorcagraphics.com\/es\/wp-json\/wp\/v2\/posts"}],"about":[{"href":"https:\/\/mallorcagraphics.com\/es\/wp-json\/wp\/v2\/types\/post"}],"author":[{"embeddable":true,"href":"https:\/\/mallorcagraphics.com\/es\/wp-json\/wp\/v2\/users\/1"}],"replies":[{"embeddable":true,"href":"https:\/\/mallorcagraphics.com\/es\/wp-json\/wp\/v2\/comments?post=987516990"}],"version-history":[{"count":0,"href":"https:\/\/mallorcagraphics.com\/es\/wp-json\/wp\/v2\/posts\/987516990\/revisions"}],"wp:featuredmedia":[{"embeddable":true,"href":"https:\/\/mallorcagraphics.com\/es\/wp-json\/wp\/v2\/media\/987516992"}],"wp:attachment":[{"href":"https:\/\/mallorcagraphics.com\/es\/wp-json\/wp\/v2\/media?parent=987516990"}],"wp:term":[{"taxonomy":"category","embeddable":true,"href":"https:\/\/mallorcagraphics.com\/es\/wp-json\/wp\/v2\/categories?post=987516990"},{"taxonomy":"post_tag","embeddable":true,"href":"https:\/\/mallorcagraphics.com\/es\/wp-json\/wp\/v2\/tags?post=987516990"}],"curies":[{"name":"wp","href":"https:\/\/api.w.org\/{rel}","templated":true}]}}