{"id":987516988,"date":"2022-06-25T11:16:43","date_gmt":"2022-06-25T11:16:43","guid":{"rendered":"https:\/\/mallorcagraphics.com\/blog\/hoy-en-dia-debe-tener-un-sitio-web-profesional-para-su-empresa\/"},"modified":"2022-06-25T11:16:43","modified_gmt":"2022-06-25T11:16:43","slug":"hoy-en-dia-debe-tener-un-sitio-web-profesional-para-su-empresa","status":"publish","type":"post","link":"https:\/\/mallorcagraphics.com\/es\/blog\/hoy-en-dia-debe-tener-un-sitio-web-profesional-para-su-empresa\/","title":{"rendered":"Hoy en d\u00eda debe tener un sitio web profesional para su empresa"},"content":{"rendered":"<h2>Las 9 razones principales por las que no puede permitirse ignorar un sitio web profesional<\/h2>\n<p>Independientemente del tama\u00f1o de su empresa o del tiempo que lleve en activo, necesita un sitio web profesional. Muchos empresarios piensan que sus empresas son demasiado peque\u00f1as para tener un sitio web. Por el contrario, otros creen que basta con utilizar las redes sociales para dar a conocer su marca y pasan por alto la necesidad de un sitio web profesional. O tal vez, usted confi\u00f3 en el boca a boca para vender sus productos y servicios. Se est\u00e1 perdiendo mucho si asume que no necesita un sitio web profesional. He aqu\u00ed nueve buenas razones por las que no deber\u00eda operar su negocio sin un sitio profesional.     <\/p>\n<h3>1. Control total<\/h3>\n<p>Tener una presencia importante en las redes sociales no te da el control total de lo que ocurre. Sin embargo, cuando tienes un sitio web profesional, acabas pagando por ese espacio online. Como resultado, obtienes el control total y eres due\u00f1o de todo el contenido de este espacio. Esto significa que puedes llevarte todo contigo si necesitas mudarte o cambiar de proveedor de alojamiento web. Las redes sociales no tienen estos privilegios.    <\/p>\n<h3>2. Consciente del tiempo<\/h3>\n<p>Un sitio web profesional le ahorra tiempo, y el tiempo es igual al dinero. Compartir informaci\u00f3n en l\u00ednea con sus clientes le ahorra un tiempo valioso para hablar con los clientes potenciales en persona. Es un mundo acelerado, y los sitios web profesionales est\u00e1n pensados para ahorrar tiempo tanto a largo como a corto plazo.  <\/p>\n<h3>3. Por credibilidad<\/h3>\n<p>En los tiempos que corren, la gente tiene cuidado con el lugar en el que compra bienes y servicios. Por lo tanto, primero tienen que conocer su empresa y, probablemente, consultar los comentarios en l\u00ednea para convencerse de que est\u00e1n haciendo lo correcto. Si no dispone de un sitio web profesional, estar\u00e1 dando ventaja a sus competidores, que s\u00ed lo tienen.  <\/p>\n<h3>4. Accesibilidad<\/h3>\n<p>Una tienda f\u00edsica s\u00f3lo es accesible a determinadas horas del d\u00eda. En cambio, un sitio web es f\u00e1cilmente accesible 24 horas al d\u00eda, 7 d\u00edas a la semana. Por lo tanto, al tener un sitio web profesional, ofrece a sus clientes potenciales y habituales la comodidad de acceder a sus servicios\/productos cuando la oficina\/tienda est\u00e1 cerrada.  <\/p>\n<h3>5. Medio de demostraci\u00f3n<\/h3>\n<p>Independientemente de su nicho de negocio, un sitio web ser\u00e1 una plataforma fant\u00e1stica para mostrar sus habilidades. Con una galer\u00eda de im\u00e1genes o v\u00eddeos, testimonios y una cartera en su sitio, los clientes pueden se\u00f1alar r\u00e1pidamente lo que es \u00fanico. Tampoco hay restricciones sobre qui\u00e9n puede ver tus publicaciones, a diferencia de lo que ocurre en las redes sociales.  <\/p>\n<h3>6. Mejora el servicio al cliente<\/h3>\n<p>Un sitio profesional le proporciona una plataforma para ofrecer servicios de valor a\u00f1adido a los clientes. De este modo, seguir\u00e1n volviendo a por m\u00e1s productos y servicios. En otras palabras, un sitio web mantiene a sus clientes actualizados e informados.  <\/p>\n<h3>7. Impulsar la exposici\u00f3n<\/h3>\n<p>Siempre que haya conexi\u00f3n a Internet, se puede acceder a un sitio web desde todos los rincones del mundo. Por tanto, puede dirigirse a un p\u00fablico m\u00e1s amplio, incluso de zonas remotas. Los sitios web le ayudan a operar en un mercado global, ya que quienes no pueden desplazarse hasta su direcci\u00f3n f\u00edsica pueden acceder a sus productos y servicios.  <\/p>\n<h3>8. Ahorrar dinero<\/h3>\n<p>La mayor\u00eda de los propietarios de peque\u00f1as empresas pasan por alto la necesidad de tener un sitio web porque piensan que no se lo pueden permitir. Con las ventajas que conllevan los sitios profesionales, no puede permitirse no tener uno. Dise\u00f1ar un sitio web le costar\u00e1 algo de dinero, pero aprender\u00e1 que la inversi\u00f3n merece la pena a largo plazo. En comparaci\u00f3n con los m\u00e9todos tradicionales de publicidad, como los anuncios de radio, los eventos de networking y los anuncios en los peri\u00f3dicos, un sitio web, teniendo en cuenta su alcance potencial en el mercado, es rentable y vale cada moneda de su dinero duramente ganado.   <\/p>\n<h3>9. Mantiene informados a los clientes<\/h3>\n<p>Un sitio web puede actualizarse en cualquier momento. Pens\u00e1ndolo bien, es m\u00e1s r\u00e1pido y f\u00e1cil actualizar la informaci\u00f3n sobre productos y servicios en su sitio web que imprimir un cat\u00e1logo o un folleto. Por tanto, puede presentar r\u00e1pidamente un nuevo producto o servicio a sus clientes o incluso anunciar promociones especiales y pr\u00f3ximos eventos. La lista puede hacerse m\u00e1s larga, pero ah\u00ed est\u00e1n algunos de los puntos m\u00e1s esenciales y valiosos de tener su propio sitio web. <a href=\"\/web-development\/\">Haga clic aqu\u00ed<\/a> para leer m\u00e1s sobre lo que podemos hacer por usted Si no tiene una, o cree que su sitio est\u00e1 anticuado, y necesita un aspecto renovado, <a href=\"https:\/\/mallorcagraphics.com\/contact-us\/\">p\u00f3ngase en contacto con nosotros<\/a> para obtener un precio sin compromiso.   <\/p>\n","protected":false},"excerpt":{"rendered":"<p>Las 9 razones principales por las que no puede permitirse ignorar un sitio web profesional Independientemente del tama\u00f1o de su empresa o del tiempo que lleve en activo, necesita un sitio web profesional. Muchos empresarios piensan que sus empresas son demasiado peque\u00f1as para tener un sitio web. Por el contrario, otros creen que basta con [&hellip;]<\/p>\n","protected":false},"author":1,"featured_media":987516904,"comment_status":"open","ping_status":"open","sticky":false,"template":"","format":"standard","meta":{"iawp_total_views":1,"footnotes":""},"categories":[44],"tags":[],"class_list":["post-987516988","post","type-post","status-publish","format-standard","has-post-thumbnail","hentry","category-diseno-web"],"yoast_head":"<!-- This site is optimized with the Yoast SEO Premium plugin v27.5 (Yoast SEO v27.5) - https:\/\/yoast.com\/product\/yoast-seo-premium-wordpress\/ -->\n<title>Hoy en d\u00eda debe tener un sitio web profesional para su empresa - Mallorca Graphics<\/title>\n<meta name=\"description\" content=\"Independientemente del tama\u00f1o de su empresa, necesita un sitio web profesional. Muchos empresarios piensan que su empresa es demasiado peque\u00f1a para tener un sitio web.\" \/>\n<meta name=\"robots\" content=\"index, follow, max-snippet:-1, max-image-preview:large, max-video-preview:-1\" \/>\n<link rel=\"canonical\" href=\"https:\/\/mallorcagraphics.com\/es\/blog\/hoy-en-dia-debe-tener-un-sitio-web-profesional-para-su-empresa\/\" \/>\n<meta property=\"og:locale\" content=\"es_ES\" \/>\n<meta property=\"og:type\" content=\"article\" \/>\n<meta property=\"og:title\" content=\"Hoy en d\u00eda debe tener un sitio web profesional para su empresa\" \/>\n<meta property=\"og:description\" content=\"Independientemente del tama\u00f1o de su empresa, necesita un sitio web profesional. Muchos empresarios piensan que su empresa es demasiado peque\u00f1a para tener un sitio web.\" \/>\n<meta property=\"og:url\" content=\"https:\/\/mallorcagraphics.com\/es\/blog\/hoy-en-dia-debe-tener-un-sitio-web-profesional-para-su-empresa\/\" \/>\n<meta property=\"og:site_name\" content=\"Mallorca Graphics\" \/>\n<meta property=\"article:publisher\" content=\"https:\/\/www.facebook.com\/MallorcaGraphics\" \/>\n<meta property=\"article:published_time\" content=\"2022-06-25T11:16:43+00:00\" \/>\n<meta property=\"og:image\" content=\"https:\/\/mallorcagraphics.com\/wp-content\/uploads\/2023\/11\/4.jpg\" \/>\n\t<meta property=\"og:image:width\" content=\"900\" \/>\n\t<meta property=\"og:image:height\" content=\"600\" \/>\n\t<meta property=\"og:image:type\" content=\"image\/jpeg\" \/>\n<meta name=\"author\" content=\"Mallorca Graphics\" \/>\n<meta name=\"twitter:card\" content=\"summary_large_image\" \/>\n<meta name=\"twitter:label1\" content=\"Escrito por\" \/>\n\t<meta name=\"twitter:data1\" content=\"Mallorca Graphics\" \/>\n\t<meta name=\"twitter:label2\" content=\"Tiempo de lectura\" \/>\n\t<meta name=\"twitter:data2\" content=\"4 minutos\" \/>\n<script type=\"application\/ld+json\" class=\"yoast-schema-graph\">{\"@context\":\"https:\\\/\\\/schema.org\",\"@graph\":[{\"@type\":\"Article\",\"@id\":\"https:\\\/\\\/mallorcagraphics.com\\\/es\\\/blog\\\/hoy-en-dia-debe-tener-un-sitio-web-profesional-para-su-empresa\\\/#article\",\"isPartOf\":{\"@id\":\"https:\\\/\\\/mallorcagraphics.com\\\/es\\\/blog\\\/hoy-en-dia-debe-tener-un-sitio-web-profesional-para-su-empresa\\\/\"},\"author\":{\"name\":\"Mallorca Graphics\",\"@id\":\"https:\\\/\\\/mallorcagraphics.com\\\/es\\\/#\\\/schema\\\/person\\\/52c9968b2c5077929df1218c7a7d17fa\"},\"headline\":\"Hoy en d\u00eda debe tener un sitio web profesional para su empresa\",\"datePublished\":\"2022-06-25T11:16:43+00:00\",\"mainEntityOfPage\":{\"@id\":\"https:\\\/\\\/mallorcagraphics.com\\\/es\\\/blog\\\/hoy-en-dia-debe-tener-un-sitio-web-profesional-para-su-empresa\\\/\"},\"wordCount\":838,\"commentCount\":0,\"publisher\":{\"@id\":\"https:\\\/\\\/mallorcagraphics.com\\\/es\\\/#organization\"},\"image\":{\"@id\":\"https:\\\/\\\/mallorcagraphics.com\\\/es\\\/blog\\\/hoy-en-dia-debe-tener-un-sitio-web-profesional-para-su-empresa\\\/#primaryimage\"},\"thumbnailUrl\":\"https:\\\/\\\/mallorcagraphics.com\\\/wp-content\\\/uploads\\\/2023\\\/11\\\/4.jpg\",\"articleSection\":[\"Dise\u00f1o web\"],\"inLanguage\":\"es\",\"potentialAction\":[{\"@type\":\"CommentAction\",\"name\":\"Comment\",\"target\":[\"https:\\\/\\\/mallorcagraphics.com\\\/es\\\/blog\\\/hoy-en-dia-debe-tener-un-sitio-web-profesional-para-su-empresa\\\/#respond\"]}]},{\"@type\":\"WebPage\",\"@id\":\"https:\\\/\\\/mallorcagraphics.com\\\/es\\\/blog\\\/hoy-en-dia-debe-tener-un-sitio-web-profesional-para-su-empresa\\\/\",\"url\":\"https:\\\/\\\/mallorcagraphics.com\\\/es\\\/blog\\\/hoy-en-dia-debe-tener-un-sitio-web-profesional-para-su-empresa\\\/\",\"name\":\"Hoy en d\u00eda debe tener un sitio web profesional para su empresa - Mallorca Graphics\",\"isPartOf\":{\"@id\":\"https:\\\/\\\/mallorcagraphics.com\\\/es\\\/#website\"},\"primaryImageOfPage\":{\"@id\":\"https:\\\/\\\/mallorcagraphics.com\\\/es\\\/blog\\\/hoy-en-dia-debe-tener-un-sitio-web-profesional-para-su-empresa\\\/#primaryimage\"},\"image\":{\"@id\":\"https:\\\/\\\/mallorcagraphics.com\\\/es\\\/blog\\\/hoy-en-dia-debe-tener-un-sitio-web-profesional-para-su-empresa\\\/#primaryimage\"},\"thumbnailUrl\":\"https:\\\/\\\/mallorcagraphics.com\\\/wp-content\\\/uploads\\\/2023\\\/11\\\/4.jpg\",\"datePublished\":\"2022-06-25T11:16:43+00:00\",\"description\":\"Independientemente del tama\u00f1o de su empresa, necesita un sitio web profesional. Muchos empresarios piensan que su empresa es demasiado peque\u00f1a para tener un sitio web.\",\"breadcrumb\":{\"@id\":\"https:\\\/\\\/mallorcagraphics.com\\\/es\\\/blog\\\/hoy-en-dia-debe-tener-un-sitio-web-profesional-para-su-empresa\\\/#breadcrumb\"},\"inLanguage\":\"es\",\"potentialAction\":[{\"@type\":\"ReadAction\",\"target\":[\"https:\\\/\\\/mallorcagraphics.com\\\/es\\\/blog\\\/hoy-en-dia-debe-tener-un-sitio-web-profesional-para-su-empresa\\\/\"]}]},{\"@type\":\"ImageObject\",\"inLanguage\":\"es\",\"@id\":\"https:\\\/\\\/mallorcagraphics.com\\\/es\\\/blog\\\/hoy-en-dia-debe-tener-un-sitio-web-profesional-para-su-empresa\\\/#primaryimage\",\"url\":\"https:\\\/\\\/mallorcagraphics.com\\\/wp-content\\\/uploads\\\/2023\\\/11\\\/4.jpg\",\"contentUrl\":\"https:\\\/\\\/mallorcagraphics.com\\\/wp-content\\\/uploads\\\/2023\\\/11\\\/4.jpg\",\"width\":900,\"height\":600,\"caption\":\"P\u00e1gina web\"},{\"@type\":\"BreadcrumbList\",\"@id\":\"https:\\\/\\\/mallorcagraphics.com\\\/es\\\/blog\\\/hoy-en-dia-debe-tener-un-sitio-web-profesional-para-su-empresa\\\/#breadcrumb\",\"itemListElement\":[{\"@type\":\"ListItem\",\"position\":1,\"name\":\"Home\",\"item\":\"https:\\\/\\\/mallorcagraphics.com\\\/es\\\/\"},{\"@type\":\"ListItem\",\"position\":2,\"name\":\"Hoy en d\u00eda debe tener un sitio web profesional para su empresa\"}]},{\"@type\":\"WebSite\",\"@id\":\"https:\\\/\\\/mallorcagraphics.com\\\/es\\\/#website\",\"url\":\"https:\\\/\\\/mallorcagraphics.com\\\/es\\\/\",\"name\":\"Mallorca Graphics\",\"description\":\"\",\"publisher\":{\"@id\":\"https:\\\/\\\/mallorcagraphics.com\\\/es\\\/#organization\"},\"potentialAction\":[{\"@type\":\"SearchAction\",\"target\":{\"@type\":\"EntryPoint\",\"urlTemplate\":\"https:\\\/\\\/mallorcagraphics.com\\\/es\\\/?s={search_term_string}\"},\"query-input\":{\"@type\":\"PropertyValueSpecification\",\"valueRequired\":true,\"valueName\":\"search_term_string\"}}],\"inLanguage\":\"es\"},{\"@type\":\"Organization\",\"@id\":\"https:\\\/\\\/mallorcagraphics.com\\\/es\\\/#organization\",\"name\":\"Mallorca Graphics\",\"url\":\"https:\\\/\\\/mallorcagraphics.com\\\/es\\\/\",\"logo\":{\"@type\":\"ImageObject\",\"inLanguage\":\"es\",\"@id\":\"https:\\\/\\\/mallorcagraphics.com\\\/es\\\/#\\\/schema\\\/logo\\\/image\\\/\",\"url\":\"https:\\\/\\\/mallorcagraphics.com\\\/wp-content\\\/uploads\\\/2026\\\/01\\\/Logo_header_200px.png\",\"contentUrl\":\"https:\\\/\\\/mallorcagraphics.com\\\/wp-content\\\/uploads\\\/2026\\\/01\\\/Logo_header_200px.png\",\"width\":200,\"height\":61,\"caption\":\"Mallorca Graphics\"},\"image\":{\"@id\":\"https:\\\/\\\/mallorcagraphics.com\\\/es\\\/#\\\/schema\\\/logo\\\/image\\\/\"},\"sameAs\":[\"https:\\\/\\\/www.facebook.com\\\/MallorcaGraphics\",\"https:\\\/\\\/www.linkedin.com\\\/company\\\/mallorca-graphics\\\/\",\"https:\\\/\\\/www.instagram.com\\\/mallorca.graphics\\\/\",\"https:\\\/\\\/www.youtube.com\\\/@Mallorca.Graphics\\\/\"]},{\"@type\":\"Person\",\"@id\":\"https:\\\/\\\/mallorcagraphics.com\\\/es\\\/#\\\/schema\\\/person\\\/52c9968b2c5077929df1218c7a7d17fa\",\"name\":\"Mallorca Graphics\",\"image\":{\"@type\":\"ImageObject\",\"inLanguage\":\"es\",\"@id\":\"https:\\\/\\\/secure.gravatar.com\\\/avatar\\\/e42fd41bbd15ce9169bafd9a4a547dc85d26eb397c3a9c825cd9face8805b660?s=96&d=mm&r=g\",\"url\":\"https:\\\/\\\/secure.gravatar.com\\\/avatar\\\/e42fd41bbd15ce9169bafd9a4a547dc85d26eb397c3a9c825cd9face8805b660?s=96&d=mm&r=g\",\"contentUrl\":\"https:\\\/\\\/secure.gravatar.com\\\/avatar\\\/e42fd41bbd15ce9169bafd9a4a547dc85d26eb397c3a9c825cd9face8805b660?s=96&d=mm&r=g\",\"caption\":\"Mallorca Graphics\"},\"sameAs\":[\"https:\\\/\\\/mallorcagraphics.com\"],\"url\":\"https:\\\/\\\/mallorcagraphics.com\\\/es\\\/blog\\\/author\\\/pedro-alvarez\\\/\"}]}<\/script>\n<!-- \/ Yoast SEO Premium plugin. -->","yoast_head_json":{"title":"Hoy en d\u00eda debe tener un sitio web profesional para su empresa - Mallorca Graphics","description":"Independientemente del tama\u00f1o de su empresa, necesita un sitio web profesional. Muchos empresarios piensan que su empresa es demasiado peque\u00f1a para tener un sitio web.","robots":{"index":"index","follow":"follow","max-snippet":"max-snippet:-1","max-image-preview":"max-image-preview:large","max-video-preview":"max-video-preview:-1"},"canonical":"https:\/\/mallorcagraphics.com\/es\/blog\/hoy-en-dia-debe-tener-un-sitio-web-profesional-para-su-empresa\/","og_locale":"es_ES","og_type":"article","og_title":"Hoy en d\u00eda debe tener un sitio web profesional para su empresa","og_description":"Independientemente del tama\u00f1o de su empresa, necesita un sitio web profesional. Muchos empresarios piensan que su empresa es demasiado peque\u00f1a para tener un sitio web.","og_url":"https:\/\/mallorcagraphics.com\/es\/blog\/hoy-en-dia-debe-tener-un-sitio-web-profesional-para-su-empresa\/","og_site_name":"Mallorca Graphics","article_publisher":"https:\/\/www.facebook.com\/MallorcaGraphics","article_published_time":"2022-06-25T11:16:43+00:00","og_image":[{"width":900,"height":600,"url":"https:\/\/mallorcagraphics.com\/wp-content\/uploads\/2023\/11\/4.jpg","type":"image\/jpeg"}],"author":"Mallorca Graphics","twitter_card":"summary_large_image","twitter_misc":{"Escrito por":"Mallorca Graphics","Tiempo de lectura":"4 minutos"},"schema":{"@context":"https:\/\/schema.org","@graph":[{"@type":"Article","@id":"https:\/\/mallorcagraphics.com\/es\/blog\/hoy-en-dia-debe-tener-un-sitio-web-profesional-para-su-empresa\/#article","isPartOf":{"@id":"https:\/\/mallorcagraphics.com\/es\/blog\/hoy-en-dia-debe-tener-un-sitio-web-profesional-para-su-empresa\/"},"author":{"name":"Mallorca Graphics","@id":"https:\/\/mallorcagraphics.com\/es\/#\/schema\/person\/52c9968b2c5077929df1218c7a7d17fa"},"headline":"Hoy en d\u00eda debe tener un sitio web profesional para su empresa","datePublished":"2022-06-25T11:16:43+00:00","mainEntityOfPage":{"@id":"https:\/\/mallorcagraphics.com\/es\/blog\/hoy-en-dia-debe-tener-un-sitio-web-profesional-para-su-empresa\/"},"wordCount":838,"commentCount":0,"publisher":{"@id":"https:\/\/mallorcagraphics.com\/es\/#organization"},"image":{"@id":"https:\/\/mallorcagraphics.com\/es\/blog\/hoy-en-dia-debe-tener-un-sitio-web-profesional-para-su-empresa\/#primaryimage"},"thumbnailUrl":"https:\/\/mallorcagraphics.com\/wp-content\/uploads\/2023\/11\/4.jpg","articleSection":["Dise\u00f1o web"],"inLanguage":"es","potentialAction":[{"@type":"CommentAction","name":"Comment","target":["https:\/\/mallorcagraphics.com\/es\/blog\/hoy-en-dia-debe-tener-un-sitio-web-profesional-para-su-empresa\/#respond"]}]},{"@type":"WebPage","@id":"https:\/\/mallorcagraphics.com\/es\/blog\/hoy-en-dia-debe-tener-un-sitio-web-profesional-para-su-empresa\/","url":"https:\/\/mallorcagraphics.com\/es\/blog\/hoy-en-dia-debe-tener-un-sitio-web-profesional-para-su-empresa\/","name":"Hoy en d\u00eda debe tener un sitio web profesional para su empresa - Mallorca Graphics","isPartOf":{"@id":"https:\/\/mallorcagraphics.com\/es\/#website"},"primaryImageOfPage":{"@id":"https:\/\/mallorcagraphics.com\/es\/blog\/hoy-en-dia-debe-tener-un-sitio-web-profesional-para-su-empresa\/#primaryimage"},"image":{"@id":"https:\/\/mallorcagraphics.com\/es\/blog\/hoy-en-dia-debe-tener-un-sitio-web-profesional-para-su-empresa\/#primaryimage"},"thumbnailUrl":"https:\/\/mallorcagraphics.com\/wp-content\/uploads\/2023\/11\/4.jpg","datePublished":"2022-06-25T11:16:43+00:00","description":"Independientemente del tama\u00f1o de su empresa, necesita un sitio web profesional. Muchos empresarios piensan que su empresa es demasiado peque\u00f1a para tener un sitio web.","breadcrumb":{"@id":"https:\/\/mallorcagraphics.com\/es\/blog\/hoy-en-dia-debe-tener-un-sitio-web-profesional-para-su-empresa\/#breadcrumb"},"inLanguage":"es","potentialAction":[{"@type":"ReadAction","target":["https:\/\/mallorcagraphics.com\/es\/blog\/hoy-en-dia-debe-tener-un-sitio-web-profesional-para-su-empresa\/"]}]},{"@type":"ImageObject","inLanguage":"es","@id":"https:\/\/mallorcagraphics.com\/es\/blog\/hoy-en-dia-debe-tener-un-sitio-web-profesional-para-su-empresa\/#primaryimage","url":"https:\/\/mallorcagraphics.com\/wp-content\/uploads\/2023\/11\/4.jpg","contentUrl":"https:\/\/mallorcagraphics.com\/wp-content\/uploads\/2023\/11\/4.jpg","width":900,"height":600,"caption":"P\u00e1gina web"},{"@type":"BreadcrumbList","@id":"https:\/\/mallorcagraphics.com\/es\/blog\/hoy-en-dia-debe-tener-un-sitio-web-profesional-para-su-empresa\/#breadcrumb","itemListElement":[{"@type":"ListItem","position":1,"name":"Home","item":"https:\/\/mallorcagraphics.com\/es\/"},{"@type":"ListItem","position":2,"name":"Hoy en d\u00eda debe tener un sitio web profesional para su empresa"}]},{"@type":"WebSite","@id":"https:\/\/mallorcagraphics.com\/es\/#website","url":"https:\/\/mallorcagraphics.com\/es\/","name":"Mallorca Graphics","description":"","publisher":{"@id":"https:\/\/mallorcagraphics.com\/es\/#organization"},"potentialAction":[{"@type":"SearchAction","target":{"@type":"EntryPoint","urlTemplate":"https:\/\/mallorcagraphics.com\/es\/?s={search_term_string}"},"query-input":{"@type":"PropertyValueSpecification","valueRequired":true,"valueName":"search_term_string"}}],"inLanguage":"es"},{"@type":"Organization","@id":"https:\/\/mallorcagraphics.com\/es\/#organization","name":"Mallorca Graphics","url":"https:\/\/mallorcagraphics.com\/es\/","logo":{"@type":"ImageObject","inLanguage":"es","@id":"https:\/\/mallorcagraphics.com\/es\/#\/schema\/logo\/image\/","url":"https:\/\/mallorcagraphics.com\/wp-content\/uploads\/2026\/01\/Logo_header_200px.png","contentUrl":"https:\/\/mallorcagraphics.com\/wp-content\/uploads\/2026\/01\/Logo_header_200px.png","width":200,"height":61,"caption":"Mallorca Graphics"},"image":{"@id":"https:\/\/mallorcagraphics.com\/es\/#\/schema\/logo\/image\/"},"sameAs":["https:\/\/www.facebook.com\/MallorcaGraphics","https:\/\/www.linkedin.com\/company\/mallorca-graphics\/","https:\/\/www.instagram.com\/mallorca.graphics\/","https:\/\/www.youtube.com\/@Mallorca.Graphics\/"]},{"@type":"Person","@id":"https:\/\/mallorcagraphics.com\/es\/#\/schema\/person\/52c9968b2c5077929df1218c7a7d17fa","name":"Mallorca Graphics","image":{"@type":"ImageObject","inLanguage":"es","@id":"https:\/\/secure.gravatar.com\/avatar\/e42fd41bbd15ce9169bafd9a4a547dc85d26eb397c3a9c825cd9face8805b660?s=96&d=mm&r=g","url":"https:\/\/secure.gravatar.com\/avatar\/e42fd41bbd15ce9169bafd9a4a547dc85d26eb397c3a9c825cd9face8805b660?s=96&d=mm&r=g","contentUrl":"https:\/\/secure.gravatar.com\/avatar\/e42fd41bbd15ce9169bafd9a4a547dc85d26eb397c3a9c825cd9face8805b660?s=96&d=mm&r=g","caption":"Mallorca Graphics"},"sameAs":["https:\/\/mallorcagraphics.com"],"url":"https:\/\/mallorcagraphics.com\/es\/blog\/author\/pedro-alvarez\/"}]}},"_links":{"self":[{"href":"https:\/\/mallorcagraphics.com\/es\/wp-json\/wp\/v2\/posts\/987516988","targetHints":{"allow":["GET"]}}],"collection":[{"href":"https:\/\/mallorcagraphics.com\/es\/wp-json\/wp\/v2\/posts"}],"about":[{"href":"https:\/\/mallorcagraphics.com\/es\/wp-json\/wp\/v2\/types\/post"}],"author":[{"embeddable":true,"href":"https:\/\/mallorcagraphics.com\/es\/wp-json\/wp\/v2\/users\/1"}],"replies":[{"embeddable":true,"href":"https:\/\/mallorcagraphics.com\/es\/wp-json\/wp\/v2\/comments?post=987516988"}],"version-history":[{"count":0,"href":"https:\/\/mallorcagraphics.com\/es\/wp-json\/wp\/v2\/posts\/987516988\/revisions"}],"wp:featuredmedia":[{"embeddable":true,"href":"https:\/\/mallorcagraphics.com\/es\/wp-json\/wp\/v2\/media\/987516904"}],"wp:attachment":[{"href":"https:\/\/mallorcagraphics.com\/es\/wp-json\/wp\/v2\/media?parent=987516988"}],"wp:term":[{"taxonomy":"category","embeddable":true,"href":"https:\/\/mallorcagraphics.com\/es\/wp-json\/wp\/v2\/categories?post=987516988"},{"taxonomy":"post_tag","embeddable":true,"href":"https:\/\/mallorcagraphics.com\/es\/wp-json\/wp\/v2\/tags?post=987516988"}],"curies":[{"name":"wp","href":"https:\/\/api.w.org\/{rel}","templated":true}]}}