{"id":987516972,"date":"2023-01-09T20:23:15","date_gmt":"2023-01-09T20:23:15","guid":{"rendered":"https:\/\/mallorcagraphics.com\/blog\/por-que-utilizar-un-profesional-para-la-fotografia-de-alimentos-mallorca\/"},"modified":"2023-01-09T20:23:15","modified_gmt":"2023-01-09T20:23:15","slug":"por-que-utilizar-un-profesional-para-la-fotografia-de-alimentos-mallorca","status":"publish","type":"post","link":"https:\/\/mallorcagraphics.com\/es\/blog\/por-que-utilizar-un-profesional-para-la-fotografia-de-alimentos-mallorca\/","title":{"rendered":"Por qu\u00e9 utilizar un profesional para la fotograf\u00eda de alimentos Mallorca"},"content":{"rendered":"<p>La comida sabrosa importa&#8230; mientras que una perfecta Fotograf\u00eda de Comida Mallorca puede impulsar el crecimiento y las ventas de su restaurante. Puede marcar la diferencia. Entonces, \u00bfes el men\u00fa de su restaurante suficiente para satisfacer las emociones de los clientes y despertar el apetito por la comida? Despu\u00e9s de todo, hacer fotos es diferente a pintar el sabor con ojos art\u00edsticos.   <\/p>\n<h2>5 Razones Para Obtener Fotograf\u00eda de Alimentos Profesional Mallorca Para Su Restaurante.<\/h2>\n<p>Antes de entrar en detalles, veamos qu\u00e9 es la fotograf\u00eda gastron\u00f3mica en Mallorca.<\/p>\n<ul>\n<li>Esta fotograf\u00eda comercial se centra en crear fotos atractivas de alimentos.<\/li>\n<li>Lo encontrar\u00e1 en sitios web, anuncios, men\u00fas, libros de cocina, envases y en todo el nicho de la alimentaci\u00f3n.<\/li>\n<\/ul>\n<p>Por \u00faltimo, ayuda a los restaurantes a mejorar su imagen de marca centr\u00e1ndose en la psicolog\u00eda del cliente. As\u00ed es como suceder\u00e1: <\/p>\n<h3>1. Comprender la verdad detr\u00e1s de la fotograf\u00eda de alimentos Mallorca Cultura<\/h3>\n<p>Los datos son el nuevo petr\u00f3leo desde el punto de vista del marketing y el crecimiento.<\/p>\n<ol>\n<li>Cerca de <a href=\"https:\/\/www.statista.com\/chart\/12776\/half-of-americans-take-pictures-of-their-food\/\">la mitad de los estadounidenses<\/a> hacen fotos y v\u00eddeos de la comida antes de comer.<\/li>\n<li>La comida y la bebida son los principales intereses <strong>del 43% de los usuarios de Instagram<\/strong>. (Facebook) <\/li>\n<li>Para marketing y storytelling,<strong> el 46% de los profesionales del marketing prefieren<\/strong> (HubSpot)<\/li>\n<li>Puedes <a href=\"https:\/\/www.b2bmarketing.net\/en\/resources\/news\/research-news-articles-images-get-94-more-views-those-without\">aumentar tus visitas en un 94%<\/a> a\u00f1adiendo elementos visuales a tus publicaciones.<\/li>\n<li>Por \u00faltimo, un 30% m\u00e1s de personas se interesan por las fotos de comida que por las que no lo son. (Universidad de Michigan) <\/li>\n<\/ol>\n<p>Entonces, \u00bfest\u00e1 listo para a\u00f1adir la fantas\u00eda de la comida de su restaurante a los recuerdos de sus clientes?<\/p>\n<h3>2. Pro Food Photography Mallorca causa una primera impresi\u00f3n duradera.<\/h3>\n<p>La primera impresi\u00f3n es crucial; nada habla mejor que una bonita imagen de su comida. Las <strong>fotos deciden el valor<\/strong> que sus clientes dar\u00e1n a la comida de su restaurante. As\u00ed que puedes utilizar las im\u00e1genes de tu comida para llamar la atenci\u00f3n de tus clientes y hacer que dejen de desplazarse por las redes sociales. Un fot\u00f3grafo profesional sabe c\u00f3mo hacer que tu comida parezca deliciosa y digna de Instagram. Sacar\u00e1s lo mejor de tu comida y te asegurar\u00e1s de que acabe en los feeds de tus clientes potenciales.    <\/p>\n<h3>3. Es un pilar de construcci\u00f3n de marca y transmite profesionalidad<\/h3>\n<p>Una fotograf\u00eda de alimentos perfecta le permite decidir la identidad de su marca y <strong>mostrar su lado profesional<\/strong>.<\/p>\n<ul>\n<li>Aseg\u00farese de que su producto se presenta de la mejor manera posible.<\/li>\n<li>Una fotograf\u00eda de alimentos impactante tambi\u00e9n puede sugerir la narrativa de su marca.<\/li>\n<\/ul>\n<p>\u00bfSabe qu\u00e9 le diferenciar\u00e1 del resto? Un \u00e1ngulo \u00fanico en tu branding transmite lo que ofrece tu marca. <\/p>\n<h3>4. Mejore su apariencia en las redes sociales<\/h3>\n<p>Con un n\u00famero abrumador de restaurantes y chefs en las redes sociales, la fotograf\u00eda de alimentos puede marcar la diferencia. Las im\u00e1genes que publiques pueden ayudar a tu restaurante a destacar entre la multitud. Y puede <strong>situarte m\u00e1s arriba en las b\u00fasquedas de Google Im\u00e1genes<\/strong>. A la larga, aumentar\u00e1 el tr\u00e1fico en tu sitio web o p\u00e1ginas de redes sociales. Adem\u00e1s, las im\u00e1genes de alimentos de alta calidad har\u00e1n que tu restaurante parezca profesional y bien establecido.    <\/p>\n<h3>5. Obtenga libertad creativa con m\u00e1s ventas y conversiones<\/h3>\n<p>Los clientes pueden sentir y saborear la comida en la boca cuando ven las im\u00e1genes de la comida tallada. Esta experiencia virtual har\u00e1 que sus clientes tallen y consigan esa comida. O incluso les ayudar\u00e1 a planificar la comida para su pr\u00f3xima reuni\u00f3n familiar. Por \u00faltimo, la fotograf\u00eda de alimentos Mallorca le permite ser creativo y <strong>pensar fuera de la caja<\/strong>. Con un <a href=\"https:\/\/mallorcagraphics.com\/es\/product-photos\/\">fot\u00f3grafo de alimentos profesional<\/a>, puede explorar diferentes temas y mostrar a sus clientes una perspectiva \u00fanica de su comida. Es m\u00e1s como a\u00f1adir valor a su imagen de marca mientras imagina su comida en la mente de sus clientes.     <\/p>\n","protected":false},"excerpt":{"rendered":"<p>La comida sabrosa importa&#8230; mientras que una perfecta Fotograf\u00eda de Comida Mallorca puede impulsar el crecimiento y las ventas de su restaurante. Puede marcar la diferencia. Entonces, \u00bfes el men\u00fa de su restaurante suficiente para satisfacer las emociones de los clientes y despertar el apetito por la comida? Despu\u00e9s de todo, hacer fotos es diferente [&hellip;]<\/p>\n","protected":false},"author":1,"featured_media":987516975,"comment_status":"open","ping_status":"open","sticky":false,"template":"","format":"standard","meta":{"iawp_total_views":1,"footnotes":""},"categories":[49,48],"tags":[],"class_list":["post-987516972","post","type-post","status-publish","format-standard","has-post-thumbnail","hentry","category-fototagrofia-y-video","category-servicios"],"yoast_head":"<!-- This site is optimized with the Yoast SEO Premium plugin v27.5 (Yoast SEO v27.5) - https:\/\/yoast.com\/product\/yoast-seo-premium-wordpress\/ -->\n<title>Por qu\u00e9 utilizar un profesional para la fotograf\u00eda de alimentos Mallorca<\/title>\n<meta name=\"description\" content=\"Food Photography Mallorca se est\u00e1 convirtiendo en un factor competitivo para los restaurantes. Mira c\u00f3mo las fotos pro de alimentos impulsan un mayor crecimiento, mientras que la construcci\u00f3n de marca.\" \/>\n<meta name=\"robots\" content=\"index, follow, max-snippet:-1, max-image-preview:large, max-video-preview:-1\" \/>\n<link rel=\"canonical\" href=\"https:\/\/mallorcagraphics.com\/es\/blog\/por-que-utilizar-un-profesional-para-la-fotografia-de-alimentos-mallorca\/\" \/>\n<meta property=\"og:locale\" content=\"es_ES\" \/>\n<meta property=\"og:type\" content=\"article\" \/>\n<meta property=\"og:title\" content=\"Por qu\u00e9 utilizar un profesional para la fotograf\u00eda de alimentos Mallorca\" \/>\n<meta property=\"og:description\" content=\"Food Photography Mallorca se est\u00e1 convirtiendo en un factor competitivo para los restaurantes. Mira c\u00f3mo las fotos pro de alimentos impulsan un mayor crecimiento, mientras que la construcci\u00f3n de marca.\" \/>\n<meta property=\"og:url\" content=\"https:\/\/mallorcagraphics.com\/es\/blog\/por-que-utilizar-un-profesional-para-la-fotografia-de-alimentos-mallorca\/\" \/>\n<meta property=\"og:site_name\" content=\"Mallorca Graphics\" \/>\n<meta property=\"article:publisher\" content=\"https:\/\/www.facebook.com\/MallorcaGraphics\" \/>\n<meta property=\"article:published_time\" content=\"2023-01-09T20:23:15+00:00\" \/>\n<meta property=\"og:image\" content=\"https:\/\/mallorcagraphics.com\/wp-content\/uploads\/2023\/01\/14.jpg\" \/>\n\t<meta property=\"og:image:width\" content=\"900\" \/>\n\t<meta property=\"og:image:height\" content=\"600\" \/>\n\t<meta property=\"og:image:type\" content=\"image\/jpeg\" \/>\n<meta name=\"author\" content=\"Mallorca Graphics\" \/>\n<meta name=\"twitter:card\" content=\"summary_large_image\" \/>\n<meta name=\"twitter:label1\" content=\"Escrito por\" \/>\n\t<meta name=\"twitter:data1\" content=\"Mallorca Graphics\" \/>\n\t<meta name=\"twitter:label2\" content=\"Tiempo de lectura\" \/>\n\t<meta name=\"twitter:data2\" content=\"3 minutos\" \/>\n<script type=\"application\/ld+json\" class=\"yoast-schema-graph\">{\"@context\":\"https:\\\/\\\/schema.org\",\"@graph\":[{\"@type\":\"Article\",\"@id\":\"https:\\\/\\\/mallorcagraphics.com\\\/es\\\/blog\\\/por-que-utilizar-un-profesional-para-la-fotografia-de-alimentos-mallorca\\\/#article\",\"isPartOf\":{\"@id\":\"https:\\\/\\\/mallorcagraphics.com\\\/es\\\/blog\\\/por-que-utilizar-un-profesional-para-la-fotografia-de-alimentos-mallorca\\\/\"},\"author\":{\"name\":\"Mallorca Graphics\",\"@id\":\"https:\\\/\\\/mallorcagraphics.com\\\/es\\\/#\\\/schema\\\/person\\\/52c9968b2c5077929df1218c7a7d17fa\"},\"headline\":\"Por qu\u00e9 utilizar un profesional para la fotograf\u00eda de alimentos Mallorca\",\"datePublished\":\"2023-01-09T20:23:15+00:00\",\"mainEntityOfPage\":{\"@id\":\"https:\\\/\\\/mallorcagraphics.com\\\/es\\\/blog\\\/por-que-utilizar-un-profesional-para-la-fotografia-de-alimentos-mallorca\\\/\"},\"wordCount\":692,\"commentCount\":0,\"publisher\":{\"@id\":\"https:\\\/\\\/mallorcagraphics.com\\\/es\\\/#organization\"},\"image\":{\"@id\":\"https:\\\/\\\/mallorcagraphics.com\\\/es\\\/blog\\\/por-que-utilizar-un-profesional-para-la-fotografia-de-alimentos-mallorca\\\/#primaryimage\"},\"thumbnailUrl\":\"https:\\\/\\\/mallorcagraphics.com\\\/wp-content\\\/uploads\\\/2023\\\/01\\\/14.jpg\",\"articleSection\":[\"Fototagrof\u00eda y v\u00eddeo\",\"Servicios\"],\"inLanguage\":\"es\",\"potentialAction\":[{\"@type\":\"CommentAction\",\"name\":\"Comment\",\"target\":[\"https:\\\/\\\/mallorcagraphics.com\\\/es\\\/blog\\\/por-que-utilizar-un-profesional-para-la-fotografia-de-alimentos-mallorca\\\/#respond\"]}]},{\"@type\":\"WebPage\",\"@id\":\"https:\\\/\\\/mallorcagraphics.com\\\/es\\\/blog\\\/por-que-utilizar-un-profesional-para-la-fotografia-de-alimentos-mallorca\\\/\",\"url\":\"https:\\\/\\\/mallorcagraphics.com\\\/es\\\/blog\\\/por-que-utilizar-un-profesional-para-la-fotografia-de-alimentos-mallorca\\\/\",\"name\":\"Por qu\u00e9 utilizar un profesional para la fotograf\u00eda de alimentos Mallorca\",\"isPartOf\":{\"@id\":\"https:\\\/\\\/mallorcagraphics.com\\\/es\\\/#website\"},\"primaryImageOfPage\":{\"@id\":\"https:\\\/\\\/mallorcagraphics.com\\\/es\\\/blog\\\/por-que-utilizar-un-profesional-para-la-fotografia-de-alimentos-mallorca\\\/#primaryimage\"},\"image\":{\"@id\":\"https:\\\/\\\/mallorcagraphics.com\\\/es\\\/blog\\\/por-que-utilizar-un-profesional-para-la-fotografia-de-alimentos-mallorca\\\/#primaryimage\"},\"thumbnailUrl\":\"https:\\\/\\\/mallorcagraphics.com\\\/wp-content\\\/uploads\\\/2023\\\/01\\\/14.jpg\",\"datePublished\":\"2023-01-09T20:23:15+00:00\",\"description\":\"Food Photography Mallorca se est\u00e1 convirtiendo en un factor competitivo para los restaurantes. Mira c\u00f3mo las fotos pro de alimentos impulsan un mayor crecimiento, mientras que la construcci\u00f3n de marca.\",\"breadcrumb\":{\"@id\":\"https:\\\/\\\/mallorcagraphics.com\\\/es\\\/blog\\\/por-que-utilizar-un-profesional-para-la-fotografia-de-alimentos-mallorca\\\/#breadcrumb\"},\"inLanguage\":\"es\",\"potentialAction\":[{\"@type\":\"ReadAction\",\"target\":[\"https:\\\/\\\/mallorcagraphics.com\\\/es\\\/blog\\\/por-que-utilizar-un-profesional-para-la-fotografia-de-alimentos-mallorca\\\/\"]}]},{\"@type\":\"ImageObject\",\"inLanguage\":\"es\",\"@id\":\"https:\\\/\\\/mallorcagraphics.com\\\/es\\\/blog\\\/por-que-utilizar-un-profesional-para-la-fotografia-de-alimentos-mallorca\\\/#primaryimage\",\"url\":\"https:\\\/\\\/mallorcagraphics.com\\\/wp-content\\\/uploads\\\/2023\\\/01\\\/14.jpg\",\"contentUrl\":\"https:\\\/\\\/mallorcagraphics.com\\\/wp-content\\\/uploads\\\/2023\\\/01\\\/14.jpg\",\"width\":900,\"height\":600,\"caption\":\"Fotograf\u00eda de alimentos Mallorca\"},{\"@type\":\"BreadcrumbList\",\"@id\":\"https:\\\/\\\/mallorcagraphics.com\\\/es\\\/blog\\\/por-que-utilizar-un-profesional-para-la-fotografia-de-alimentos-mallorca\\\/#breadcrumb\",\"itemListElement\":[{\"@type\":\"ListItem\",\"position\":1,\"name\":\"Home\",\"item\":\"https:\\\/\\\/mallorcagraphics.com\\\/es\\\/\"},{\"@type\":\"ListItem\",\"position\":2,\"name\":\"Por qu\u00e9 utilizar un profesional para la fotograf\u00eda de alimentos Mallorca\"}]},{\"@type\":\"WebSite\",\"@id\":\"https:\\\/\\\/mallorcagraphics.com\\\/es\\\/#website\",\"url\":\"https:\\\/\\\/mallorcagraphics.com\\\/es\\\/\",\"name\":\"Mallorca Graphics\",\"description\":\"\",\"publisher\":{\"@id\":\"https:\\\/\\\/mallorcagraphics.com\\\/es\\\/#organization\"},\"potentialAction\":[{\"@type\":\"SearchAction\",\"target\":{\"@type\":\"EntryPoint\",\"urlTemplate\":\"https:\\\/\\\/mallorcagraphics.com\\\/es\\\/?s={search_term_string}\"},\"query-input\":{\"@type\":\"PropertyValueSpecification\",\"valueRequired\":true,\"valueName\":\"search_term_string\"}}],\"inLanguage\":\"es\"},{\"@type\":\"Organization\",\"@id\":\"https:\\\/\\\/mallorcagraphics.com\\\/es\\\/#organization\",\"name\":\"Mallorca Graphics\",\"url\":\"https:\\\/\\\/mallorcagraphics.com\\\/es\\\/\",\"logo\":{\"@type\":\"ImageObject\",\"inLanguage\":\"es\",\"@id\":\"https:\\\/\\\/mallorcagraphics.com\\\/es\\\/#\\\/schema\\\/logo\\\/image\\\/\",\"url\":\"https:\\\/\\\/mallorcagraphics.com\\\/wp-content\\\/uploads\\\/2026\\\/01\\\/Logo_header_200px.png\",\"contentUrl\":\"https:\\\/\\\/mallorcagraphics.com\\\/wp-content\\\/uploads\\\/2026\\\/01\\\/Logo_header_200px.png\",\"width\":200,\"height\":61,\"caption\":\"Mallorca Graphics\"},\"image\":{\"@id\":\"https:\\\/\\\/mallorcagraphics.com\\\/es\\\/#\\\/schema\\\/logo\\\/image\\\/\"},\"sameAs\":[\"https:\\\/\\\/www.facebook.com\\\/MallorcaGraphics\",\"https:\\\/\\\/www.linkedin.com\\\/company\\\/mallorca-graphics\\\/\",\"https:\\\/\\\/www.instagram.com\\\/mallorca.graphics\\\/\",\"https:\\\/\\\/www.youtube.com\\\/@Mallorca.Graphics\\\/\"]},{\"@type\":\"Person\",\"@id\":\"https:\\\/\\\/mallorcagraphics.com\\\/es\\\/#\\\/schema\\\/person\\\/52c9968b2c5077929df1218c7a7d17fa\",\"name\":\"Mallorca Graphics\",\"image\":{\"@type\":\"ImageObject\",\"inLanguage\":\"es\",\"@id\":\"https:\\\/\\\/secure.gravatar.com\\\/avatar\\\/e42fd41bbd15ce9169bafd9a4a547dc85d26eb397c3a9c825cd9face8805b660?s=96&d=mm&r=g\",\"url\":\"https:\\\/\\\/secure.gravatar.com\\\/avatar\\\/e42fd41bbd15ce9169bafd9a4a547dc85d26eb397c3a9c825cd9face8805b660?s=96&d=mm&r=g\",\"contentUrl\":\"https:\\\/\\\/secure.gravatar.com\\\/avatar\\\/e42fd41bbd15ce9169bafd9a4a547dc85d26eb397c3a9c825cd9face8805b660?s=96&d=mm&r=g\",\"caption\":\"Mallorca Graphics\"},\"sameAs\":[\"https:\\\/\\\/mallorcagraphics.com\"],\"url\":\"https:\\\/\\\/mallorcagraphics.com\\\/es\\\/blog\\\/author\\\/pedro-alvarez\\\/\"}]}<\/script>\n<!-- \/ Yoast SEO Premium plugin. -->","yoast_head_json":{"title":"Por qu\u00e9 utilizar un profesional para la fotograf\u00eda de alimentos Mallorca","description":"Food Photography Mallorca se est\u00e1 convirtiendo en un factor competitivo para los restaurantes. Mira c\u00f3mo las fotos pro de alimentos impulsan un mayor crecimiento, mientras que la construcci\u00f3n de marca.","robots":{"index":"index","follow":"follow","max-snippet":"max-snippet:-1","max-image-preview":"max-image-preview:large","max-video-preview":"max-video-preview:-1"},"canonical":"https:\/\/mallorcagraphics.com\/es\/blog\/por-que-utilizar-un-profesional-para-la-fotografia-de-alimentos-mallorca\/","og_locale":"es_ES","og_type":"article","og_title":"Por qu\u00e9 utilizar un profesional para la fotograf\u00eda de alimentos Mallorca","og_description":"Food Photography Mallorca se est\u00e1 convirtiendo en un factor competitivo para los restaurantes. Mira c\u00f3mo las fotos pro de alimentos impulsan un mayor crecimiento, mientras que la construcci\u00f3n de marca.","og_url":"https:\/\/mallorcagraphics.com\/es\/blog\/por-que-utilizar-un-profesional-para-la-fotografia-de-alimentos-mallorca\/","og_site_name":"Mallorca Graphics","article_publisher":"https:\/\/www.facebook.com\/MallorcaGraphics","article_published_time":"2023-01-09T20:23:15+00:00","og_image":[{"width":900,"height":600,"url":"https:\/\/mallorcagraphics.com\/wp-content\/uploads\/2023\/01\/14.jpg","type":"image\/jpeg"}],"author":"Mallorca Graphics","twitter_card":"summary_large_image","twitter_misc":{"Escrito por":"Mallorca Graphics","Tiempo de lectura":"3 minutos"},"schema":{"@context":"https:\/\/schema.org","@graph":[{"@type":"Article","@id":"https:\/\/mallorcagraphics.com\/es\/blog\/por-que-utilizar-un-profesional-para-la-fotografia-de-alimentos-mallorca\/#article","isPartOf":{"@id":"https:\/\/mallorcagraphics.com\/es\/blog\/por-que-utilizar-un-profesional-para-la-fotografia-de-alimentos-mallorca\/"},"author":{"name":"Mallorca Graphics","@id":"https:\/\/mallorcagraphics.com\/es\/#\/schema\/person\/52c9968b2c5077929df1218c7a7d17fa"},"headline":"Por qu\u00e9 utilizar un profesional para la fotograf\u00eda de alimentos Mallorca","datePublished":"2023-01-09T20:23:15+00:00","mainEntityOfPage":{"@id":"https:\/\/mallorcagraphics.com\/es\/blog\/por-que-utilizar-un-profesional-para-la-fotografia-de-alimentos-mallorca\/"},"wordCount":692,"commentCount":0,"publisher":{"@id":"https:\/\/mallorcagraphics.com\/es\/#organization"},"image":{"@id":"https:\/\/mallorcagraphics.com\/es\/blog\/por-que-utilizar-un-profesional-para-la-fotografia-de-alimentos-mallorca\/#primaryimage"},"thumbnailUrl":"https:\/\/mallorcagraphics.com\/wp-content\/uploads\/2023\/01\/14.jpg","articleSection":["Fototagrof\u00eda y v\u00eddeo","Servicios"],"inLanguage":"es","potentialAction":[{"@type":"CommentAction","name":"Comment","target":["https:\/\/mallorcagraphics.com\/es\/blog\/por-que-utilizar-un-profesional-para-la-fotografia-de-alimentos-mallorca\/#respond"]}]},{"@type":"WebPage","@id":"https:\/\/mallorcagraphics.com\/es\/blog\/por-que-utilizar-un-profesional-para-la-fotografia-de-alimentos-mallorca\/","url":"https:\/\/mallorcagraphics.com\/es\/blog\/por-que-utilizar-un-profesional-para-la-fotografia-de-alimentos-mallorca\/","name":"Por qu\u00e9 utilizar un profesional para la fotograf\u00eda de alimentos Mallorca","isPartOf":{"@id":"https:\/\/mallorcagraphics.com\/es\/#website"},"primaryImageOfPage":{"@id":"https:\/\/mallorcagraphics.com\/es\/blog\/por-que-utilizar-un-profesional-para-la-fotografia-de-alimentos-mallorca\/#primaryimage"},"image":{"@id":"https:\/\/mallorcagraphics.com\/es\/blog\/por-que-utilizar-un-profesional-para-la-fotografia-de-alimentos-mallorca\/#primaryimage"},"thumbnailUrl":"https:\/\/mallorcagraphics.com\/wp-content\/uploads\/2023\/01\/14.jpg","datePublished":"2023-01-09T20:23:15+00:00","description":"Food Photography Mallorca se est\u00e1 convirtiendo en un factor competitivo para los restaurantes. Mira c\u00f3mo las fotos pro de alimentos impulsan un mayor crecimiento, mientras que la construcci\u00f3n de marca.","breadcrumb":{"@id":"https:\/\/mallorcagraphics.com\/es\/blog\/por-que-utilizar-un-profesional-para-la-fotografia-de-alimentos-mallorca\/#breadcrumb"},"inLanguage":"es","potentialAction":[{"@type":"ReadAction","target":["https:\/\/mallorcagraphics.com\/es\/blog\/por-que-utilizar-un-profesional-para-la-fotografia-de-alimentos-mallorca\/"]}]},{"@type":"ImageObject","inLanguage":"es","@id":"https:\/\/mallorcagraphics.com\/es\/blog\/por-que-utilizar-un-profesional-para-la-fotografia-de-alimentos-mallorca\/#primaryimage","url":"https:\/\/mallorcagraphics.com\/wp-content\/uploads\/2023\/01\/14.jpg","contentUrl":"https:\/\/mallorcagraphics.com\/wp-content\/uploads\/2023\/01\/14.jpg","width":900,"height":600,"caption":"Fotograf\u00eda de alimentos Mallorca"},{"@type":"BreadcrumbList","@id":"https:\/\/mallorcagraphics.com\/es\/blog\/por-que-utilizar-un-profesional-para-la-fotografia-de-alimentos-mallorca\/#breadcrumb","itemListElement":[{"@type":"ListItem","position":1,"name":"Home","item":"https:\/\/mallorcagraphics.com\/es\/"},{"@type":"ListItem","position":2,"name":"Por qu\u00e9 utilizar un profesional para la fotograf\u00eda de alimentos Mallorca"}]},{"@type":"WebSite","@id":"https:\/\/mallorcagraphics.com\/es\/#website","url":"https:\/\/mallorcagraphics.com\/es\/","name":"Mallorca Graphics","description":"","publisher":{"@id":"https:\/\/mallorcagraphics.com\/es\/#organization"},"potentialAction":[{"@type":"SearchAction","target":{"@type":"EntryPoint","urlTemplate":"https:\/\/mallorcagraphics.com\/es\/?s={search_term_string}"},"query-input":{"@type":"PropertyValueSpecification","valueRequired":true,"valueName":"search_term_string"}}],"inLanguage":"es"},{"@type":"Organization","@id":"https:\/\/mallorcagraphics.com\/es\/#organization","name":"Mallorca Graphics","url":"https:\/\/mallorcagraphics.com\/es\/","logo":{"@type":"ImageObject","inLanguage":"es","@id":"https:\/\/mallorcagraphics.com\/es\/#\/schema\/logo\/image\/","url":"https:\/\/mallorcagraphics.com\/wp-content\/uploads\/2026\/01\/Logo_header_200px.png","contentUrl":"https:\/\/mallorcagraphics.com\/wp-content\/uploads\/2026\/01\/Logo_header_200px.png","width":200,"height":61,"caption":"Mallorca Graphics"},"image":{"@id":"https:\/\/mallorcagraphics.com\/es\/#\/schema\/logo\/image\/"},"sameAs":["https:\/\/www.facebook.com\/MallorcaGraphics","https:\/\/www.linkedin.com\/company\/mallorca-graphics\/","https:\/\/www.instagram.com\/mallorca.graphics\/","https:\/\/www.youtube.com\/@Mallorca.Graphics\/"]},{"@type":"Person","@id":"https:\/\/mallorcagraphics.com\/es\/#\/schema\/person\/52c9968b2c5077929df1218c7a7d17fa","name":"Mallorca Graphics","image":{"@type":"ImageObject","inLanguage":"es","@id":"https:\/\/secure.gravatar.com\/avatar\/e42fd41bbd15ce9169bafd9a4a547dc85d26eb397c3a9c825cd9face8805b660?s=96&d=mm&r=g","url":"https:\/\/secure.gravatar.com\/avatar\/e42fd41bbd15ce9169bafd9a4a547dc85d26eb397c3a9c825cd9face8805b660?s=96&d=mm&r=g","contentUrl":"https:\/\/secure.gravatar.com\/avatar\/e42fd41bbd15ce9169bafd9a4a547dc85d26eb397c3a9c825cd9face8805b660?s=96&d=mm&r=g","caption":"Mallorca Graphics"},"sameAs":["https:\/\/mallorcagraphics.com"],"url":"https:\/\/mallorcagraphics.com\/es\/blog\/author\/pedro-alvarez\/"}]}},"_links":{"self":[{"href":"https:\/\/mallorcagraphics.com\/es\/wp-json\/wp\/v2\/posts\/987516972","targetHints":{"allow":["GET"]}}],"collection":[{"href":"https:\/\/mallorcagraphics.com\/es\/wp-json\/wp\/v2\/posts"}],"about":[{"href":"https:\/\/mallorcagraphics.com\/es\/wp-json\/wp\/v2\/types\/post"}],"author":[{"embeddable":true,"href":"https:\/\/mallorcagraphics.com\/es\/wp-json\/wp\/v2\/users\/1"}],"replies":[{"embeddable":true,"href":"https:\/\/mallorcagraphics.com\/es\/wp-json\/wp\/v2\/comments?post=987516972"}],"version-history":[{"count":0,"href":"https:\/\/mallorcagraphics.com\/es\/wp-json\/wp\/v2\/posts\/987516972\/revisions"}],"wp:featuredmedia":[{"embeddable":true,"href":"https:\/\/mallorcagraphics.com\/es\/wp-json\/wp\/v2\/media\/987516975"}],"wp:attachment":[{"href":"https:\/\/mallorcagraphics.com\/es\/wp-json\/wp\/v2\/media?parent=987516972"}],"wp:term":[{"taxonomy":"category","embeddable":true,"href":"https:\/\/mallorcagraphics.com\/es\/wp-json\/wp\/v2\/categories?post=987516972"},{"taxonomy":"post_tag","embeddable":true,"href":"https:\/\/mallorcagraphics.com\/es\/wp-json\/wp\/v2\/tags?post=987516972"}],"curies":[{"name":"wp","href":"https:\/\/api.w.org\/{rel}","templated":true}]}}