{"id":987516916,"date":"2023-07-30T12:13:32","date_gmt":"2023-07-30T12:13:32","guid":{"rendered":"https:\/\/mallorcagraphics.com\/blog\/el-debate-sobre-canva-canva-frente-a-photoshop\/"},"modified":"2026-04-21T13:20:58","modified_gmt":"2026-04-21T13:20:58","slug":"el-debate-sobre-canva-canva-frente-a-photoshop","status":"publish","type":"post","link":"https:\/\/mallorcagraphics.com\/es\/blog\/el-debate-sobre-canva-canva-frente-a-photoshop\/","title":{"rendered":"El debate sobre Canva: Canva frente a Photoshop"},"content":{"rendered":"<p>Como dise\u00f1ador gr\u00e1fico, siempre ha habido y habr\u00e1 un debate sobre el uso de plataformas de dise\u00f1o como Canva para proyectos espec\u00edficos. Algunos puristas argumentan que es una herramienta menos eficaz en comparaci\u00f3n con los programas de Adobe. En esto estoy 100% de acuerdo. Llevo un tiempo utilizando Canva para mi trabajo de contenido en redes sociales y no por ello soy menos dise\u00f1ador gr\u00e1fico.   <\/p>\n<h2><span data-preserver-spaces=\"true\">Pero, \u00bfpuede compararse Canva con el software de Adobe?<\/span><\/h2>\n<p><span data-preserver-spaces=\"true\"><strong>No, no puede.<\/strong>  Abobes software, como Photoshop, Illustrator e InDesign (Adobe Creative Suite), est\u00e1 en una clase por s\u00ed mismo. Incluso podr\u00eda llegar a decir que Canva es una mierda comparado con Photoshop e Illustrator. Yo utilizo Canva con regularidad, pero s\u00f3lo para contenido de redes sociales. Se puede utilizar para diferentes cosas, pero no se puede comparar con el software de Adobe Suite. Como llevo mucho tiempo trabajando con el software de Adobes, y dir\u00eda que conozco muy bien el programa, es natural que lo utilice para trabajos m\u00e1s complejos. Tambi\u00e9n dir\u00eda que cualquier dise\u00f1ador que no est\u00e9 de acuerdo con que Canva es una opci\u00f3n excelente para crear r\u00e1pidamente una imagen n\u00edtida para su feed de Facebook o Instagram o no ha probado Canvo o miente.     <\/span><\/p>\n<p><span data-preserver-spaces=\"true\">\u00bfPor qu\u00e9 algunos dise\u00f1adores gr\u00e1ficos se niegan a utilizar Canva? \u00bfY por qu\u00e9 yo creo que es una herramienta leg\u00edtima para tareas espec\u00edficas? Vamos a ello.  <\/span><\/p>\n<h3><span data-preserver-spaces=\"true\">1. Canva ahorra tiempo.<\/span><\/h3>\n<p><span data-preserver-spaces=\"true\">Una de las ventajas m\u00e1s significativas de Canva es la comodidad que ofrece. Es una plataforma muy f\u00e1cil de usar que te permite crear dise\u00f1os r\u00e1pidamente sin necesidad de conocimientos t\u00e9cnicos avanzados. Como dise\u00f1ador gr\u00e1fico, a veces necesitas producir dise\u00f1os r\u00e1pidamente. Canva simplifica el proceso y te permite producir dise\u00f1os m\u00e1s r\u00e1pidamente.   <\/span><\/p>\n<p><span data-preserver-spaces=\"true\">Sin embargo, los dise\u00f1adores gr\u00e1ficos sostienen que Canva limita su creatividad. Creen que las plantillas prefabricadas dificultan la creaci\u00f3n de algo \u00fanico. Pero Canva tiene miles de plantillas que puedes adaptar f\u00e1cilmente a tus necesidades. Adem\u00e1s, la plataforma te permite editar las plantillas y a\u00f1adir o eliminar elementos para personalizarlas ahorr\u00e1ndote tiempo. Una vez m\u00e1s, esto la hace perfecta para crear algo que se vea bien para Facebook r\u00e1pidamente.    <\/span><\/p>\n<h3><span data-preserver-spaces=\"true\">2. Plataforma rentable<\/span><\/h3>\n<p><span data-preserver-spaces=\"true\">Adobe Creative Suite es caro comparado con Canva. A\u00fan as\u00ed, ning\u00fan dise\u00f1ador gr\u00e1fico con clase intenta ahorrar dinero, y si s\u00f3lo us\u00e1ramos Canva no sobrevivir\u00edamos como dise\u00f1adores gr\u00e1ficos. Probablemente me reir\u00eda si hablara con alguien que dijera que es dise\u00f1ador gr\u00e1fico y s\u00f3lo utiliza Canva.  <\/span><\/p>\n<h3><span data-preserver-spaces=\"true\">3. Canva es genial para los gr\u00e1ficos de las redes sociales.<\/span><\/h3>\n<p><span data-preserver-spaces=\"true\">Los gr\u00e1ficos para redes sociales son activos muy visuales que requieren habilidades de dise\u00f1o excepcionales similares a las que ofrece Canva. Con Canva, crear gr\u00e1ficos para redes sociales de forma eficiente y r\u00e1pida es f\u00e1cil, con dise\u00f1os sorprendentes que cumplen los variados par\u00e1metros de dise\u00f1o de la plataforma. Adem\u00e1s, Canva te ofrece recomendaciones y tendencias est\u00e1ndar sobre c\u00f3mo crear excelentes gr\u00e1ficos para redes sociales.    <\/span><\/p>\n<h3><span data-preserver-spaces=\"true\">4. Lo que importa son las habilidades, no la herramienta<\/span><\/h3>\n<p>Por \u00faltimo, deber\u00edamos dejar de discutir sobre qu\u00e9 herramienta es mejor. Cualquiera con un poco de sentido com\u00fan entiende que los programas de Adobe son mucho mejores, pero al final, todo se reduce a tus habilidades. <\/p>\n<p><span data-preserver-spaces=\"true\">El talento de un dise\u00f1ador gr\u00e1fico no se define por las herramientas, sino por su capacidad para manipular el color, la tipograf\u00eda, el dise\u00f1o y las im\u00e1genes visuales para crear dise\u00f1os impactantes. Canva es solo una herramienta que nos ayuda a agitar nuestro proceso creativo.   <\/span><\/p>\n<p><span data-preserver-spaces=\"true\">No hay ninguna regla que diga que todos debemos ce\u00f1irnos a una herramienta; se trata de utilizar la herramienta adecuada para tareas espec\u00edficas.<\/span><\/p>\n<h3><span data-preserver-spaces=\"true\">Conclusi\u00f3n:<\/span><\/h3>\n<p>En resumen, creo firmemente que podemos hacer buenos dise\u00f1os usando Canva para algunos proyectos, lo cual no nos hace menos dise\u00f1adores gr\u00e1ficos.<\/p>\n<p><span data-preserver-spaces=\"true\">Canva es una herramienta excelente para algunos proyectos de dise\u00f1o, y que la utilicemos no significa que sacrifiquemos nuestra creatividad. Crearemos dise\u00f1os que destaquen si tenemos la habilidad y la creatividad necesarias.   <\/span><\/p>\n<p><span data-preserver-spaces=\"true\">As\u00ed que dediquemos tiempo a apreciar las herramientas que hacen que nuestra creatividad y nuestro trabajo sean m\u00e1s r\u00e1pidos y eficaces.<br \/>\n<\/span><\/p>\n<p>Aqu\u00ed en Mallorca Graphics, tenemos muchos packs de plantillas que vendemos baratos; visita nuestra <a href=\"\/shop\">tienda<\/a> para ver si es algo que te gusta.<\/p>\n","protected":false},"excerpt":{"rendered":"<p>Como dise\u00f1ador gr\u00e1fico, siempre ha habido y habr\u00e1 un debate sobre el uso de plataformas de dise\u00f1o como Canva para proyectos espec\u00edficos. Algunos puristas argumentan que es una herramienta menos eficaz en comparaci\u00f3n con los programas de Adobe. En esto estoy 100% de acuerdo. Llevo un tiempo utilizando Canva para mi trabajo de contenido en [&hellip;]<\/p>\n","protected":false},"author":1,"featured_media":987517618,"comment_status":"open","ping_status":"open","sticky":false,"template":"","format":"standard","meta":{"iawp_total_views":1,"footnotes":""},"categories":[50,45],"tags":[],"class_list":["post-987516916","post","type-post","status-publish","format-standard","has-post-thumbnail","hentry","category-diseno-grafico","category-hardware-y-software"],"yoast_head":"<!-- This site is optimized with the Yoast SEO Premium plugin v27.5 (Yoast SEO v27.5) - https:\/\/yoast.com\/product\/yoast-seo-premium-wordpress\/ -->\n<title>El debate sobre Canva: Canva frente a Photoshop - Mallorca Graphics<\/title>\n<meta name=\"description\" content=\"Como dise\u00f1ador gr\u00e1fico, siempre hay un debate sobre el uso de plataformas de dise\u00f1o como Canva para proyectos espec\u00edficos.\" \/>\n<meta name=\"robots\" content=\"index, follow, max-snippet:-1, max-image-preview:large, max-video-preview:-1\" \/>\n<link rel=\"canonical\" href=\"https:\/\/mallorcagraphics.com\/es\/blog\/el-debate-sobre-canva-canva-frente-a-photoshop\/\" \/>\n<meta property=\"og:locale\" content=\"es_ES\" \/>\n<meta property=\"og:type\" content=\"article\" \/>\n<meta property=\"og:title\" content=\"El debate sobre Canva: Canva frente a Photoshop\" \/>\n<meta property=\"og:description\" content=\"Como dise\u00f1ador gr\u00e1fico, siempre hay un debate sobre el uso de plataformas de dise\u00f1o como Canva para proyectos espec\u00edficos.\" \/>\n<meta property=\"og:url\" content=\"https:\/\/mallorcagraphics.com\/es\/blog\/el-debate-sobre-canva-canva-frente-a-photoshop\/\" \/>\n<meta property=\"og:site_name\" content=\"Mallorca Graphics\" \/>\n<meta property=\"article:publisher\" content=\"https:\/\/www.facebook.com\/MallorcaGraphics\" \/>\n<meta property=\"article:published_time\" content=\"2023-07-30T12:13:32+00:00\" \/>\n<meta property=\"article:modified_time\" content=\"2026-04-21T13:20:58+00:00\" \/>\n<meta property=\"og:image\" content=\"https:\/\/mallorcagraphics.com\/wp-content\/uploads\/2026\/01\/10.jpg\" \/>\n\t<meta property=\"og:image:width\" content=\"900\" \/>\n\t<meta property=\"og:image:height\" content=\"600\" \/>\n\t<meta property=\"og:image:type\" content=\"image\/jpeg\" \/>\n<meta name=\"author\" content=\"Mallorca Graphics\" \/>\n<meta name=\"twitter:card\" content=\"summary_large_image\" \/>\n<meta name=\"twitter:label1\" content=\"Escrito por\" \/>\n\t<meta name=\"twitter:data1\" content=\"Mallorca Graphics\" \/>\n\t<meta name=\"twitter:label2\" content=\"Tiempo de lectura\" \/>\n\t<meta name=\"twitter:data2\" content=\"4 minutos\" \/>\n<script type=\"application\/ld+json\" class=\"yoast-schema-graph\">{\"@context\":\"https:\\\/\\\/schema.org\",\"@graph\":[{\"@type\":\"Article\",\"@id\":\"https:\\\/\\\/mallorcagraphics.com\\\/es\\\/blog\\\/el-debate-sobre-canva-canva-frente-a-photoshop\\\/#article\",\"isPartOf\":{\"@id\":\"https:\\\/\\\/mallorcagraphics.com\\\/es\\\/blog\\\/el-debate-sobre-canva-canva-frente-a-photoshop\\\/\"},\"author\":{\"name\":\"Mallorca Graphics\",\"@id\":\"https:\\\/\\\/mallorcagraphics.com\\\/es\\\/#\\\/schema\\\/person\\\/52c9968b2c5077929df1218c7a7d17fa\"},\"headline\":\"El debate sobre Canva: Canva frente a Photoshop\",\"datePublished\":\"2023-07-30T12:13:32+00:00\",\"dateModified\":\"2026-04-21T13:20:58+00:00\",\"mainEntityOfPage\":{\"@id\":\"https:\\\/\\\/mallorcagraphics.com\\\/es\\\/blog\\\/el-debate-sobre-canva-canva-frente-a-photoshop\\\/\"},\"wordCount\":778,\"commentCount\":0,\"publisher\":{\"@id\":\"https:\\\/\\\/mallorcagraphics.com\\\/es\\\/#organization\"},\"image\":{\"@id\":\"https:\\\/\\\/mallorcagraphics.com\\\/es\\\/blog\\\/el-debate-sobre-canva-canva-frente-a-photoshop\\\/#primaryimage\"},\"thumbnailUrl\":\"https:\\\/\\\/mallorcagraphics.com\\\/wp-content\\\/uploads\\\/2026\\\/01\\\/10.jpg\",\"articleSection\":[\"Dise\u00f1o gr\u00e1fico\",\"Hardware y Software\"],\"inLanguage\":\"es\",\"potentialAction\":[{\"@type\":\"CommentAction\",\"name\":\"Comment\",\"target\":[\"https:\\\/\\\/mallorcagraphics.com\\\/es\\\/blog\\\/el-debate-sobre-canva-canva-frente-a-photoshop\\\/#respond\"]}]},{\"@type\":\"WebPage\",\"@id\":\"https:\\\/\\\/mallorcagraphics.com\\\/es\\\/blog\\\/el-debate-sobre-canva-canva-frente-a-photoshop\\\/\",\"url\":\"https:\\\/\\\/mallorcagraphics.com\\\/es\\\/blog\\\/el-debate-sobre-canva-canva-frente-a-photoshop\\\/\",\"name\":\"El debate sobre Canva: Canva frente a Photoshop - Mallorca Graphics\",\"isPartOf\":{\"@id\":\"https:\\\/\\\/mallorcagraphics.com\\\/es\\\/#website\"},\"primaryImageOfPage\":{\"@id\":\"https:\\\/\\\/mallorcagraphics.com\\\/es\\\/blog\\\/el-debate-sobre-canva-canva-frente-a-photoshop\\\/#primaryimage\"},\"image\":{\"@id\":\"https:\\\/\\\/mallorcagraphics.com\\\/es\\\/blog\\\/el-debate-sobre-canva-canva-frente-a-photoshop\\\/#primaryimage\"},\"thumbnailUrl\":\"https:\\\/\\\/mallorcagraphics.com\\\/wp-content\\\/uploads\\\/2026\\\/01\\\/10.jpg\",\"datePublished\":\"2023-07-30T12:13:32+00:00\",\"dateModified\":\"2026-04-21T13:20:58+00:00\",\"description\":\"Como dise\u00f1ador gr\u00e1fico, siempre hay un debate sobre el uso de plataformas de dise\u00f1o como Canva para proyectos espec\u00edficos.\",\"breadcrumb\":{\"@id\":\"https:\\\/\\\/mallorcagraphics.com\\\/es\\\/blog\\\/el-debate-sobre-canva-canva-frente-a-photoshop\\\/#breadcrumb\"},\"inLanguage\":\"es\",\"potentialAction\":[{\"@type\":\"ReadAction\",\"target\":[\"https:\\\/\\\/mallorcagraphics.com\\\/es\\\/blog\\\/el-debate-sobre-canva-canva-frente-a-photoshop\\\/\"]}]},{\"@type\":\"ImageObject\",\"inLanguage\":\"es\",\"@id\":\"https:\\\/\\\/mallorcagraphics.com\\\/es\\\/blog\\\/el-debate-sobre-canva-canva-frente-a-photoshop\\\/#primaryimage\",\"url\":\"https:\\\/\\\/mallorcagraphics.com\\\/wp-content\\\/uploads\\\/2026\\\/01\\\/10.jpg\",\"contentUrl\":\"https:\\\/\\\/mallorcagraphics.com\\\/wp-content\\\/uploads\\\/2026\\\/01\\\/10.jpg\",\"width\":900,\"height\":600},{\"@type\":\"BreadcrumbList\",\"@id\":\"https:\\\/\\\/mallorcagraphics.com\\\/es\\\/blog\\\/el-debate-sobre-canva-canva-frente-a-photoshop\\\/#breadcrumb\",\"itemListElement\":[{\"@type\":\"ListItem\",\"position\":1,\"name\":\"Home\",\"item\":\"https:\\\/\\\/mallorcagraphics.com\\\/es\\\/\"},{\"@type\":\"ListItem\",\"position\":2,\"name\":\"El debate sobre Canva: Canva frente a Photoshop\"}]},{\"@type\":\"WebSite\",\"@id\":\"https:\\\/\\\/mallorcagraphics.com\\\/es\\\/#website\",\"url\":\"https:\\\/\\\/mallorcagraphics.com\\\/es\\\/\",\"name\":\"Mallorca Graphics\",\"description\":\"\",\"publisher\":{\"@id\":\"https:\\\/\\\/mallorcagraphics.com\\\/es\\\/#organization\"},\"potentialAction\":[{\"@type\":\"SearchAction\",\"target\":{\"@type\":\"EntryPoint\",\"urlTemplate\":\"https:\\\/\\\/mallorcagraphics.com\\\/es\\\/?s={search_term_string}\"},\"query-input\":{\"@type\":\"PropertyValueSpecification\",\"valueRequired\":true,\"valueName\":\"search_term_string\"}}],\"inLanguage\":\"es\"},{\"@type\":\"Organization\",\"@id\":\"https:\\\/\\\/mallorcagraphics.com\\\/es\\\/#organization\",\"name\":\"Mallorca Graphics\",\"url\":\"https:\\\/\\\/mallorcagraphics.com\\\/es\\\/\",\"logo\":{\"@type\":\"ImageObject\",\"inLanguage\":\"es\",\"@id\":\"https:\\\/\\\/mallorcagraphics.com\\\/es\\\/#\\\/schema\\\/logo\\\/image\\\/\",\"url\":\"https:\\\/\\\/mallorcagraphics.com\\\/wp-content\\\/uploads\\\/2026\\\/01\\\/Logo_header_200px.png\",\"contentUrl\":\"https:\\\/\\\/mallorcagraphics.com\\\/wp-content\\\/uploads\\\/2026\\\/01\\\/Logo_header_200px.png\",\"width\":200,\"height\":61,\"caption\":\"Mallorca Graphics\"},\"image\":{\"@id\":\"https:\\\/\\\/mallorcagraphics.com\\\/es\\\/#\\\/schema\\\/logo\\\/image\\\/\"},\"sameAs\":[\"https:\\\/\\\/www.facebook.com\\\/MallorcaGraphics\",\"https:\\\/\\\/www.linkedin.com\\\/company\\\/mallorca-graphics\\\/\",\"https:\\\/\\\/www.instagram.com\\\/mallorca.graphics\\\/\",\"https:\\\/\\\/www.youtube.com\\\/@Mallorca.Graphics\\\/\"]},{\"@type\":\"Person\",\"@id\":\"https:\\\/\\\/mallorcagraphics.com\\\/es\\\/#\\\/schema\\\/person\\\/52c9968b2c5077929df1218c7a7d17fa\",\"name\":\"Mallorca Graphics\",\"image\":{\"@type\":\"ImageObject\",\"inLanguage\":\"es\",\"@id\":\"https:\\\/\\\/secure.gravatar.com\\\/avatar\\\/e42fd41bbd15ce9169bafd9a4a547dc85d26eb397c3a9c825cd9face8805b660?s=96&d=mm&r=g\",\"url\":\"https:\\\/\\\/secure.gravatar.com\\\/avatar\\\/e42fd41bbd15ce9169bafd9a4a547dc85d26eb397c3a9c825cd9face8805b660?s=96&d=mm&r=g\",\"contentUrl\":\"https:\\\/\\\/secure.gravatar.com\\\/avatar\\\/e42fd41bbd15ce9169bafd9a4a547dc85d26eb397c3a9c825cd9face8805b660?s=96&d=mm&r=g\",\"caption\":\"Mallorca Graphics\"},\"sameAs\":[\"https:\\\/\\\/mallorcagraphics.com\"],\"url\":\"https:\\\/\\\/mallorcagraphics.com\\\/es\\\/blog\\\/author\\\/pedro-alvarez\\\/\"}]}<\/script>\n<!-- \/ Yoast SEO Premium plugin. -->","yoast_head_json":{"title":"El debate sobre Canva: Canva frente a Photoshop - Mallorca Graphics","description":"Como dise\u00f1ador gr\u00e1fico, siempre hay un debate sobre el uso de plataformas de dise\u00f1o como Canva para proyectos espec\u00edficos.","robots":{"index":"index","follow":"follow","max-snippet":"max-snippet:-1","max-image-preview":"max-image-preview:large","max-video-preview":"max-video-preview:-1"},"canonical":"https:\/\/mallorcagraphics.com\/es\/blog\/el-debate-sobre-canva-canva-frente-a-photoshop\/","og_locale":"es_ES","og_type":"article","og_title":"El debate sobre Canva: Canva frente a Photoshop","og_description":"Como dise\u00f1ador gr\u00e1fico, siempre hay un debate sobre el uso de plataformas de dise\u00f1o como Canva para proyectos espec\u00edficos.","og_url":"https:\/\/mallorcagraphics.com\/es\/blog\/el-debate-sobre-canva-canva-frente-a-photoshop\/","og_site_name":"Mallorca Graphics","article_publisher":"https:\/\/www.facebook.com\/MallorcaGraphics","article_published_time":"2023-07-30T12:13:32+00:00","article_modified_time":"2026-04-21T13:20:58+00:00","og_image":[{"width":900,"height":600,"url":"https:\/\/mallorcagraphics.com\/wp-content\/uploads\/2026\/01\/10.jpg","type":"image\/jpeg"}],"author":"Mallorca Graphics","twitter_card":"summary_large_image","twitter_misc":{"Escrito por":"Mallorca Graphics","Tiempo de lectura":"4 minutos"},"schema":{"@context":"https:\/\/schema.org","@graph":[{"@type":"Article","@id":"https:\/\/mallorcagraphics.com\/es\/blog\/el-debate-sobre-canva-canva-frente-a-photoshop\/#article","isPartOf":{"@id":"https:\/\/mallorcagraphics.com\/es\/blog\/el-debate-sobre-canva-canva-frente-a-photoshop\/"},"author":{"name":"Mallorca Graphics","@id":"https:\/\/mallorcagraphics.com\/es\/#\/schema\/person\/52c9968b2c5077929df1218c7a7d17fa"},"headline":"El debate sobre Canva: Canva frente a Photoshop","datePublished":"2023-07-30T12:13:32+00:00","dateModified":"2026-04-21T13:20:58+00:00","mainEntityOfPage":{"@id":"https:\/\/mallorcagraphics.com\/es\/blog\/el-debate-sobre-canva-canva-frente-a-photoshop\/"},"wordCount":778,"commentCount":0,"publisher":{"@id":"https:\/\/mallorcagraphics.com\/es\/#organization"},"image":{"@id":"https:\/\/mallorcagraphics.com\/es\/blog\/el-debate-sobre-canva-canva-frente-a-photoshop\/#primaryimage"},"thumbnailUrl":"https:\/\/mallorcagraphics.com\/wp-content\/uploads\/2026\/01\/10.jpg","articleSection":["Dise\u00f1o gr\u00e1fico","Hardware y Software"],"inLanguage":"es","potentialAction":[{"@type":"CommentAction","name":"Comment","target":["https:\/\/mallorcagraphics.com\/es\/blog\/el-debate-sobre-canva-canva-frente-a-photoshop\/#respond"]}]},{"@type":"WebPage","@id":"https:\/\/mallorcagraphics.com\/es\/blog\/el-debate-sobre-canva-canva-frente-a-photoshop\/","url":"https:\/\/mallorcagraphics.com\/es\/blog\/el-debate-sobre-canva-canva-frente-a-photoshop\/","name":"El debate sobre Canva: Canva frente a Photoshop - Mallorca Graphics","isPartOf":{"@id":"https:\/\/mallorcagraphics.com\/es\/#website"},"primaryImageOfPage":{"@id":"https:\/\/mallorcagraphics.com\/es\/blog\/el-debate-sobre-canva-canva-frente-a-photoshop\/#primaryimage"},"image":{"@id":"https:\/\/mallorcagraphics.com\/es\/blog\/el-debate-sobre-canva-canva-frente-a-photoshop\/#primaryimage"},"thumbnailUrl":"https:\/\/mallorcagraphics.com\/wp-content\/uploads\/2026\/01\/10.jpg","datePublished":"2023-07-30T12:13:32+00:00","dateModified":"2026-04-21T13:20:58+00:00","description":"Como dise\u00f1ador gr\u00e1fico, siempre hay un debate sobre el uso de plataformas de dise\u00f1o como Canva para proyectos espec\u00edficos.","breadcrumb":{"@id":"https:\/\/mallorcagraphics.com\/es\/blog\/el-debate-sobre-canva-canva-frente-a-photoshop\/#breadcrumb"},"inLanguage":"es","potentialAction":[{"@type":"ReadAction","target":["https:\/\/mallorcagraphics.com\/es\/blog\/el-debate-sobre-canva-canva-frente-a-photoshop\/"]}]},{"@type":"ImageObject","inLanguage":"es","@id":"https:\/\/mallorcagraphics.com\/es\/blog\/el-debate-sobre-canva-canva-frente-a-photoshop\/#primaryimage","url":"https:\/\/mallorcagraphics.com\/wp-content\/uploads\/2026\/01\/10.jpg","contentUrl":"https:\/\/mallorcagraphics.com\/wp-content\/uploads\/2026\/01\/10.jpg","width":900,"height":600},{"@type":"BreadcrumbList","@id":"https:\/\/mallorcagraphics.com\/es\/blog\/el-debate-sobre-canva-canva-frente-a-photoshop\/#breadcrumb","itemListElement":[{"@type":"ListItem","position":1,"name":"Home","item":"https:\/\/mallorcagraphics.com\/es\/"},{"@type":"ListItem","position":2,"name":"El debate sobre Canva: Canva frente a Photoshop"}]},{"@type":"WebSite","@id":"https:\/\/mallorcagraphics.com\/es\/#website","url":"https:\/\/mallorcagraphics.com\/es\/","name":"Mallorca Graphics","description":"","publisher":{"@id":"https:\/\/mallorcagraphics.com\/es\/#organization"},"potentialAction":[{"@type":"SearchAction","target":{"@type":"EntryPoint","urlTemplate":"https:\/\/mallorcagraphics.com\/es\/?s={search_term_string}"},"query-input":{"@type":"PropertyValueSpecification","valueRequired":true,"valueName":"search_term_string"}}],"inLanguage":"es"},{"@type":"Organization","@id":"https:\/\/mallorcagraphics.com\/es\/#organization","name":"Mallorca Graphics","url":"https:\/\/mallorcagraphics.com\/es\/","logo":{"@type":"ImageObject","inLanguage":"es","@id":"https:\/\/mallorcagraphics.com\/es\/#\/schema\/logo\/image\/","url":"https:\/\/mallorcagraphics.com\/wp-content\/uploads\/2026\/01\/Logo_header_200px.png","contentUrl":"https:\/\/mallorcagraphics.com\/wp-content\/uploads\/2026\/01\/Logo_header_200px.png","width":200,"height":61,"caption":"Mallorca Graphics"},"image":{"@id":"https:\/\/mallorcagraphics.com\/es\/#\/schema\/logo\/image\/"},"sameAs":["https:\/\/www.facebook.com\/MallorcaGraphics","https:\/\/www.linkedin.com\/company\/mallorca-graphics\/","https:\/\/www.instagram.com\/mallorca.graphics\/","https:\/\/www.youtube.com\/@Mallorca.Graphics\/"]},{"@type":"Person","@id":"https:\/\/mallorcagraphics.com\/es\/#\/schema\/person\/52c9968b2c5077929df1218c7a7d17fa","name":"Mallorca Graphics","image":{"@type":"ImageObject","inLanguage":"es","@id":"https:\/\/secure.gravatar.com\/avatar\/e42fd41bbd15ce9169bafd9a4a547dc85d26eb397c3a9c825cd9face8805b660?s=96&d=mm&r=g","url":"https:\/\/secure.gravatar.com\/avatar\/e42fd41bbd15ce9169bafd9a4a547dc85d26eb397c3a9c825cd9face8805b660?s=96&d=mm&r=g","contentUrl":"https:\/\/secure.gravatar.com\/avatar\/e42fd41bbd15ce9169bafd9a4a547dc85d26eb397c3a9c825cd9face8805b660?s=96&d=mm&r=g","caption":"Mallorca Graphics"},"sameAs":["https:\/\/mallorcagraphics.com"],"url":"https:\/\/mallorcagraphics.com\/es\/blog\/author\/pedro-alvarez\/"}]}},"_links":{"self":[{"href":"https:\/\/mallorcagraphics.com\/es\/wp-json\/wp\/v2\/posts\/987516916","targetHints":{"allow":["GET"]}}],"collection":[{"href":"https:\/\/mallorcagraphics.com\/es\/wp-json\/wp\/v2\/posts"}],"about":[{"href":"https:\/\/mallorcagraphics.com\/es\/wp-json\/wp\/v2\/types\/post"}],"author":[{"embeddable":true,"href":"https:\/\/mallorcagraphics.com\/es\/wp-json\/wp\/v2\/users\/1"}],"replies":[{"embeddable":true,"href":"https:\/\/mallorcagraphics.com\/es\/wp-json\/wp\/v2\/comments?post=987516916"}],"version-history":[{"count":1,"href":"https:\/\/mallorcagraphics.com\/es\/wp-json\/wp\/v2\/posts\/987516916\/revisions"}],"predecessor-version":[{"id":987517754,"href":"https:\/\/mallorcagraphics.com\/es\/wp-json\/wp\/v2\/posts\/987516916\/revisions\/987517754"}],"wp:featuredmedia":[{"embeddable":true,"href":"https:\/\/mallorcagraphics.com\/es\/wp-json\/wp\/v2\/media\/987517618"}],"wp:attachment":[{"href":"https:\/\/mallorcagraphics.com\/es\/wp-json\/wp\/v2\/media?parent=987516916"}],"wp:term":[{"taxonomy":"category","embeddable":true,"href":"https:\/\/mallorcagraphics.com\/es\/wp-json\/wp\/v2\/categories?post=987516916"},{"taxonomy":"post_tag","embeddable":true,"href":"https:\/\/mallorcagraphics.com\/es\/wp-json\/wp\/v2\/tags?post=987516916"}],"curies":[{"name":"wp","href":"https:\/\/api.w.org\/{rel}","templated":true}]}}